{"id":735,"date":"2021-09-13T19:36:00","date_gmt":"2021-09-13T19:36:00","guid":{"rendered":"https:\/\/blog.digitalsign.pt\/?p=735"},"modified":"2022-02-23T20:17:39","modified_gmt":"2022-02-23T20:17:39","slug":"7-motivos-para-aderir-a-fatura-eletronica-na-sua-empresa","status":"publish","type":"post","link":"https:\/\/blog.digitalsign.pt\/index.php\/2021\/09\/13\/7-motivos-para-aderir-a-fatura-eletronica-na-sua-empresa\/","title":{"rendered":"5 MOTIVOS PARA ADERIR \u00c0 FATURA ELETR\u00d3NICA NA SUA EMPRESA."},"content":{"rendered":"\n<figure class=\"wp-block-image size-large\"><img loading=\"lazy\" width=\"1024\" height=\"576\" src=\"https:\/\/blog.digitalsign.pt\/wp-content\/uploads\/2021\/09\/22-1-1024x576.jpg\" alt=\"\" class=\"wp-image-759\" srcset=\"https:\/\/blog.digitalsign.pt\/wp-content\/uploads\/2021\/09\/22-1-1024x576.jpg 1024w, https:\/\/blog.digitalsign.pt\/wp-content\/uploads\/2021\/09\/22-1-300x169.jpg 300w, https:\/\/blog.digitalsign.pt\/wp-content\/uploads\/2021\/09\/22-1-768x432.jpg 768w, https:\/\/blog.digitalsign.pt\/wp-content\/uploads\/2021\/09\/22-1-1536x864.jpg 1536w, https:\/\/blog.digitalsign.pt\/wp-content\/uploads\/2021\/09\/22-1-900x506.jpg 900w, https:\/\/blog.digitalsign.pt\/wp-content\/uploads\/2021\/09\/22-1-1280x720.jpg 1280w, https:\/\/blog.digitalsign.pt\/wp-content\/uploads\/2021\/09\/22-1.jpg 1920w\" sizes=\"(max-width: 1024px) 100vw, 1024px\" \/><\/figure>\n\n\n\n<p>Para as empresas que ainda est\u00e3o em processo de adapta\u00e7\u00e3o ao novo contexto tecnol\u00f3gico digital potenciado pelo COVID-19, o termo Fatura\u00e7\u00e3o Eletr\u00f3nica pode causar alguma estranheza ou confus\u00e3o. A DigitalSign vai ajud\u00e1-lo a entender melhor do que se trata e quais suas vantagens.<\/p>\n\n\n\n<!--more-->\n\n\n\n<p><strong>O que \u00e9 uma Fatura Eletr\u00f3nica?&nbsp;<\/strong><\/p>\n\n\n\n<p>Uma fatura \u00e9 um documento comercial cuja emiss\u00e3o \u00e9, em regra, obrigat\u00f3ria para todos os transmissores de bens ou prestadores de servi\u00e7os, sendo um elemento essencial para o Imposto sobre o Valor Acrescentado (IVA), na medida em que confere aos adquirentes dos bens ou aos destinat\u00e1rios dos servi\u00e7os um direito de cr\u00e9dito perante o Estado, que se consubstancia no exerc\u00edcio do direito \u00e0 dedu\u00e7\u00e3o do imposto nela incorporado.<\/p>\n\n\n\n<p>A fatura eletr\u00f3nica \u00e9 a vers\u00e3o digital do documento comercial, mas reduzido a um formato eletr\u00f3nico, isto \u00e9, &#8216;desmaterializado&#8217;, tendo o mesmo valor legal que a fatura em papel, desde que contenha as men\u00e7\u00f5es obrigat\u00f3rias para qualquer fatura, e satisfa\u00e7a as condi\u00e7\u00f5es exigidas na lei para garantir a autenticidade da sua origem e a integridade do seu conte\u00fado.<\/p>\n\n\n\n<p>Nesse sentido, explicamos a seguir algumas das raz\u00f5es pelas quais deve aderir a Fatura Eletr\u00f3nica no seu neg\u00f3cio:<\/p>\n\n\n\n<ol><li><strong>\u00c9 obrigat\u00f3ria na Administra\u00e7\u00e3o P\u00fablica \u2013 Novas regras j\u00e1 em 2021.<\/strong><\/li><\/ol>\n\n\n\n<p>Em 2021 a Fatura\u00e7\u00e3o Eletr\u00f3nica passa a ser obrigat\u00f3ria na contrata\u00e7\u00e3o p\u00fablica em conformidade com a Diretiva Europeia 2014\/55\/EU. De acordo com o artigo 2.\u00ba do Decreto-Lei n.\u00ba 123\/2018, de 28 de dezembro, foi obrigat\u00f3ria a sua ado\u00e7\u00e3o at\u00e9 31 de dezembro de 2020 para as grandes empresas, sendo seguido dos prazos de 30 de junho de 2021 para as pequenas e m\u00e9dias empresas e at\u00e9 31 de dezembro de 2021 para as microempresas.<\/p>\n\n\n\n<blockquote class=\"wp-block-quote\"><p>Agora que o Estado portugu\u00eas tornou obrigat\u00f3rio a emiss\u00e3o de faturas por via eletr\u00f3nica para a Administra\u00e7\u00e3o P\u00fablica (AP), muitas empresas privadas j\u00e1 est\u00e3o a seguir o mesmo caminho \u2013 antes mesmo que se estabele\u00e7a oficialmente sua obrigatoriedade em todos os setores &#8211; e reconhecem os in\u00fameros benef\u00edcios da utiliza\u00e7\u00e3o das mesmas.&nbsp;<\/p><\/blockquote>\n\n\n\n<p>2. <strong>Processo simples e direto \u2013 F\u00e1cil de usar.<\/strong><\/p>\n\n\n\n<p>Faturar eletronicamente pode parecer inicialmente complicado, mas \u00e9 na verdade, um processo bastante simples. Qualquer empresa pode adotar o processo de Fatura\u00e7\u00e3o Eletr\u00f3nica para emitir faturas digitalmente em poucos minutos com seguran\u00e7a e de acordo com os requisitos exigidos pela lei. Enquanto as Assinatura Eletr\u00f3nicas s\u00e3o destinadas a indiv\u00edduos (pessoas f\u00edsicas), o Selo Eletr\u00f3nico DigitalSign se destina a organiza\u00e7\u00f5es (pessoas coletivas).<\/p>\n\n\n\n<p>As configura\u00e7\u00f5es necess\u00e1rias para a utiliza\u00e7\u00e3o do Selo Eletr\u00f3nico s\u00e3o introduzidas juntamente com os dados relativos \u00e0 empresa, de forma que pode definir se o est\u00e1 a utilizar em modo qualidade (teste) ou produ\u00e7\u00e3o (real). A sua fatura emitida atrav\u00e9s do software de fatura\u00e7\u00e3o \u00e9 ent\u00e3o assinada digitalmente e depois disso, est\u00e1 pronta para ser enviada.<\/p>\n\n\n\n<p>O Selo Eletr\u00f3nico da DigitalSign confere autenticidade ao signat\u00e1rio e garantem o valor jur\u00eddico de uma fatura tradicional, para o cumprimento das exig\u00eancias legais.<\/p>\n\n\n\n<p>3 . <strong>Conveniente &#8211; Economiza tempo.<\/strong><\/p>\n\n\n\n<p>A Fatura Eletr\u00f3nica \u00e9 tamb\u00e9m vantajosa para o seu neg\u00f3cio especialmente se lidar com fornecedores e clientes que se encontram em locais remotos \u00e0 sua empresa. Sendo assim \u00e9 importante estabelecer uma boa comunica\u00e7\u00e3o e colabora\u00e7\u00e3o entre as partes, de forma totalmente digital, independentemente da localiza\u00e7\u00e3o dos intervenientes.<\/p>\n\n\n\n<p>Ao adotar um processo de Fatura\u00e7\u00e3o Eletr\u00f3nica ir\u00e1 acelerar o ciclo de cobran\u00e7a aos seus fornecedores. Por outro lado, os documentos podem ser enviados eletronicamente de forma segura e entregues em poucos minutos, sem ter de levar dias, ou mesmo semanas, o que resulta em transa\u00e7\u00f5es mais eficientes. Neste sentido, a sua empresa tamb\u00e9m mostrar\u00e1 que respeita e valoriza o tempo dos seus clientes, elevando o n\u00edvel do seu servi\u00e7o.<\/p>\n\n\n\n<p>Esse \u00e9 um dos motivos pelos quais a Assinatura Eletr\u00f3nica tem sido t\u00e3o amplamente aceite tanto para uso comercial quanto pessoal, e tamb\u00e9m pelo qual deve fazer parte da sua empresa.<\/p>\n\n\n\n<p>4. <strong>Elimina o uso de papel e reduz gastos \u2013 Solu\u00e7\u00e3o econ\u00f4mica e amiga do ambiente.<\/strong><\/p>\n\n\n\n<p>Com a Fatura\u00e7\u00e3o Eletr\u00f3nica, todo o armazenamento \u00e9 feito em formato digital e pelo per\u00edodo que desejar, evitando a gest\u00e3o regular de tantos pap\u00e9is e documentos comerciais, pois os dados, informa\u00e7\u00f5es e transa\u00e7\u00f5es estar\u00e3o registados online, sendo poss\u00edvel aced\u00ea-los em segundos, caso seja preciso consulta-los posteriormente.&nbsp;<\/p>\n\n\n\n<p>Por outro lado, o uso frequente de papel (\u00e0 base de \u00e1rvores e \u00e1gua) impacta significativamente os recursos ambientais. A sua substitui\u00e7\u00e3o pela Fatura\u00e7\u00e3o Eletr\u00f3nica traduzir-se-\u00e1 numa ferramenta poderosa e ecol\u00f3gica, que agrega positivamente ainda mais valor \u00e0 sua empresa, junto de clientes que se identifiquem com organiza\u00e7\u00f5es amigas do ambiente.<\/p>\n\n\n\n<p>Esta solu\u00e7\u00e3o, n\u00e3o s\u00f3 dispensa a gest\u00e3o de caixas de armazenamento de papel para manter os registos das faturas\/transa\u00e7\u00f5es durante um determinado per\u00edodo de tempo, como tamb\u00e9m se destaca por ser uma op\u00e7\u00e3o onde todos ganham, garantindo n\u00e3o s\u00f3 o crescimento da sua empresa, como o sucesso do seu neg\u00f3cio, aliado \u00e0 preserva\u00e7\u00e3o do meio ambiente.<\/p>\n\n\n\n<p>A ades\u00e3o \u00e0s Assinaturas Eletr\u00f3nicas pode trazer uma s\u00e9rie de benef\u00edcios ao seu neg\u00f3cio a curto prazo, ao tornar as suas opera\u00e7\u00f5es comerciais mais econ\u00f3micas. Essa decis\u00e3o acaba por cortar custos decorrentes da pr\u00f3pria atividade da empresa, desde gastos em materiais de escrit\u00f3rio, papel, caneta, envios pelo correio, digitaliza\u00e7\u00f5es, c\u00f3pias, entre outros.<\/p>\n\n\n\n<p>Os valores economizados nessas opera\u00e7\u00f5es podem tamb\u00e9m ser aplicados numa s\u00e9rie de outras oportunidades, que podem levar seu neg\u00f3cio para novos patamares, ou seja, mais pontos positivos para a sua empresa<\/p>\n\n\n\n<p>5. <strong>Maior prote\u00e7\u00e3o e seguran\u00e7a \u2013 Evid\u00eancias legais detalhadas.<\/strong><\/p>\n\n\n\n<p>O uso de documentos em papel implica tamb\u00e9m a responsabilidade de assegurar a prote\u00e7\u00e3o dos dados, bem como a recolha de informa\u00e7\u00e3o de forma segura e protegida. Para al\u00e9m disso, h\u00e1 tamb\u00e9m receio de roubos, extravios, adultera\u00e7\u00e3o de documentos, etc.<\/p>\n\n\n\n<p>A op\u00e7\u00e3o pelo uso da Fatura Eletr\u00f3nica garante maior prote\u00e7\u00e3o e seguran\u00e7a, pois s\u00e3o armazenadas de acordo com rigorosos protocolos de seguran\u00e7a, integrados e implementados para esses fins, sendo regida na Europa pelo regulamento eIDAS.&nbsp;<\/p>\n\n\n\n<p>A trilha de auditoria (Log) associada a cada assinatura s\u00e3o ainda uma mais valia, por serem evid\u00eancias irrefut\u00e1veis em caso disputa legal. Assim, a sua utiliza\u00e7\u00e3o significa a inten\u00e7\u00e3o de verifica\u00e7\u00e3o legal, sendo aceites como equivalentes \u00e0s assinaturas manuscritas e carimbos, tradicionalmente utilizados no processo de emiss\u00e3o das faturas.&nbsp;<\/p>\n\n\n\n<p>Para al\u00e9m disso, mant\u00e9m tamb\u00e9m um registo de todas as informa\u00e7\u00f5es essenciais relacionadas, evitando fraudes e adultera\u00e7\u00f5es dos documentos e garantindo uma maior credibilidade e autenticidade \u00e0s transa\u00e7\u00f5es realizadas.<\/p>\n\n\n\n<p><strong>Pronto para faturar com a Assinatura Eletr\u00f3nica?<\/strong><\/p>\n\n\n\n<p>Os certificados para Fatura\u00e7\u00f5es Eletr\u00f3nica da DigitalSign permitir\u00e3o melhorias e avan\u00e7os significativos que tornar\u00e3o o seu neg\u00f3cio mais lucrativo e ajud\u00e1-lo-\u00e3o a cumprir com todas as obriga\u00e7\u00f5es legais, de forma mais simples e f\u00e1cil, com toda a seguran\u00e7a e validade jur\u00eddica.<\/p>\n\n\n\n<p>Adotar a Fatura\u00e7\u00e3o Eletr\u00f3nica consiste, n\u00e3o s\u00f3, numa op\u00e7\u00e3o mais r\u00e1pida e pr\u00e1tica, mas tamb\u00e9m contribui para a realiza\u00e7\u00e3o de neg\u00f3cios mais ecol\u00f3gicos sendo, portanto, uma excelente alternativa em diversos aspetos. N\u00e3o perca mais tempo para tomar essa decis\u00e3o e experimente j\u00e1 os benef\u00edcios que a Assinatura Eletr\u00f3nica pode proporcionar no seu neg\u00f3cio.<\/p>\n\n\n\n<p>Para saber mais informa\u00e7\u00f5es, aceda ao nosso site clicando aqui: <a href=\"https:\/\/www.digitalsign.pt\/faturacaoeletronica\" target=\"_blank\" rel=\"noreferrer noopener\">www.digitalsign.pt\/faturacaoeletronica<\/a><\/p>\n\n\n\n<h2><strong>Leia tamb\u00e9m&#8230;<\/strong><\/h2>\n\n\n<ul class=\"wp-block-latest-posts__list wp-block-latest-posts\"><li><div class=\"wp-block-latest-posts__featured-image alignleft\"><img width=\"150\" height=\"150\" src=\"https:\/\/blog.digitalsign.pt\/wp-content\/uploads\/2024\/06\/Assinatura-grafome\u0301trica-150x150.webp\" class=\"attachment-thumbnail size-thumbnail wp-post-image\" alt=\"\" loading=\"lazy\" style=\"\" srcset=\"https:\/\/blog.digitalsign.pt\/wp-content\/uploads\/2024\/06\/Assinatura-grafome\u0301trica-150x150.webp 150w, https:\/\/blog.digitalsign.pt\/wp-content\/uploads\/2024\/06\/Assinatura-grafome\u0301trica-88x88.webp 88w\" sizes=\"(max-width: 150px) 100vw, 150px\" \/><\/div><a href=\"https:\/\/blog.digitalsign.pt\/index.php\/2024\/06\/25\/enfhex\/\">DigitalSign presente na 15\u00aa ENFHEX Conference em Estocolmo-Su\u00e9cia.<\/a><div class=\"wp-block-latest-posts__post-excerpt\">A cada 18 meses, a Rede Europeia de Peritos em Caligrafia Forense (ENFHEX) organiza uma confer\u00eancia com um programa cient\u00edfico que inclui investiga\u00e7\u00e3o e desenvolvimento, qualidade e compet\u00eancia, bem como educa\u00e7\u00e3o e forma\u00e7\u00e3o. Essas reuni\u00f5es tamb\u00e9m s\u00e3o uma oportunidade para os membros se familiarizarem com a gama atualizada de hardware e software. A 15\u00aa confer\u00eancia [&hellip;]<\/div><\/li>\n<li><div class=\"wp-block-latest-posts__featured-image alignleft\"><img width=\"150\" height=\"150\" src=\"https:\/\/blog.digitalsign.pt\/wp-content\/uploads\/2024\/06\/DS-WALEET-150x150.png\" class=\"attachment-thumbnail size-thumbnail wp-post-image\" alt=\"\" loading=\"lazy\" style=\"\" srcset=\"https:\/\/blog.digitalsign.pt\/wp-content\/uploads\/2024\/06\/DS-WALEET-150x150.png 150w, https:\/\/blog.digitalsign.pt\/wp-content\/uploads\/2024\/06\/DS-WALEET-88x88.png 88w\" sizes=\"(max-width: 150px) 100vw, 150px\" \/><\/div><a href=\"https:\/\/blog.digitalsign.pt\/index.php\/2024\/06\/18\/wallet-powered-by-digitalsign\/\">SCB Wallet da DigitalSign vencedora no SCB Innovation Hub<\/a><div class=\"wp-block-latest-posts__post-excerpt\">O &#8220;SCB Innovation Hub&#8221; \u00e9 um projecto pioneiro em Portugal cujo grande objectivo passa por oferecer ambientes de incuba\u00e7\u00e3o e desenvolvimento capazes de acolher projectos de inova\u00e7\u00e3o no \u00e2mbito das \u2018sportstech\u2019, nomeadamente nas \u00e1reas da Sa\u00fade e Performance, Cidade Desportiva (Futebol de Forma\u00e7\u00e3o e Modalidades), Smart Stadium\/Arena e Fan Engagement. Este projecto do SC Braga [&hellip;]<\/div><\/li>\n<li><div class=\"wp-block-latest-posts__featured-image alignleft\"><img width=\"150\" height=\"150\" src=\"https:\/\/blog.digitalsign.pt\/wp-content\/uploads\/2024\/05\/eIDAS-2.0-150x150.png\" class=\"attachment-thumbnail size-thumbnail wp-post-image\" alt=\"\" loading=\"lazy\" style=\"\" srcset=\"https:\/\/blog.digitalsign.pt\/wp-content\/uploads\/2024\/05\/eIDAS-2.0-150x150.png 150w, https:\/\/blog.digitalsign.pt\/wp-content\/uploads\/2024\/05\/eIDAS-2.0-88x88.png 88w\" sizes=\"(max-width: 150px) 100vw, 150px\" \/><\/div><a href=\"https:\/\/blog.digitalsign.pt\/index.php\/2024\/05\/20\/eidas-2-0\/\">eIDAS 2.0: A nova identidade digital europeia<\/a><div class=\"wp-block-latest-posts__post-excerpt\">eIDAS 2.0. Onde tudo come\u00e7ou: Regulamento n.\u00ba 910\/2014 Em 2014, foi aprovado o Regulamento n.\u00ba 910\/2014 do Parlamento Europeu e do Conselho de 23 de julho de 2014, relativo \u00e0 identifica\u00e7\u00e3o eletr\u00f3nica e aos servi\u00e7os de confian\u00e7a para as transa\u00e7\u00f5es eletr\u00f3nicas no mercado interno. Ora, este Regulamento tinha como principais objetivos a cria\u00e7\u00e3o de um [&hellip;]<\/div><\/li>\n<li><div class=\"wp-block-latest-posts__featured-image alignleft\"><img width=\"150\" height=\"150\" src=\"https:\/\/blog.digitalsign.pt\/wp-content\/uploads\/2023\/11\/Ciber-Risco-Banner1280x640-3-150x150.png\" class=\"attachment-thumbnail size-thumbnail wp-post-image\" alt=\"\" loading=\"lazy\" style=\"\" srcset=\"https:\/\/blog.digitalsign.pt\/wp-content\/uploads\/2023\/11\/Ciber-Risco-Banner1280x640-3-150x150.png 150w, https:\/\/blog.digitalsign.pt\/wp-content\/uploads\/2023\/11\/Ciber-Risco-Banner1280x640-3-88x88.png 88w\" sizes=\"(max-width: 150px) 100vw, 150px\" \/><\/div><a href=\"https:\/\/blog.digitalsign.pt\/index.php\/2023\/11\/02\/qual-a-importancia-do-regulamento-eidas-na-mitigacao-do-ciber-risco\/\">Qual a import\u00e2ncia do Regulamento eIDAS na mitiga\u00e7\u00e3o do ciber-risco?<\/a><div class=\"wp-block-latest-posts__post-excerpt\">Apesar da transforma\u00e7\u00e3o digital se apresentar como algo fundamental para a evolu\u00e7\u00e3o de qualquer organiza\u00e7\u00e3o, esta tamb\u00e9m traz consigo novos desafios, nomeadamente o inevit\u00e1vel incremento do ciber-risco. \u00c9 neste contexto que pretendemos explorar o papel que o Regulamento eIDAS pode desempenhar como ferramenta regulat\u00f3ria para a mitiga\u00e7\u00e3o do ciber-risco. Pese embora tal diploma j\u00e1 se encontre em vigor h\u00e1 alguns anos, verifica-se a exist\u00eancia de um grande desconhecimento sobre os instrumentos introduzidos por este.<\/div><\/li>\n<li><div class=\"wp-block-latest-posts__featured-image alignleft\"><img width=\"150\" height=\"150\" src=\"https:\/\/blog.digitalsign.pt\/wp-content\/uploads\/2023\/05\/Banner-Maio-Despacho-n.o-5108.2023-Blog-1-150x150.png\" class=\"attachment-thumbnail size-thumbnail wp-post-image\" alt=\"\" loading=\"lazy\" style=\"\" srcset=\"https:\/\/blog.digitalsign.pt\/wp-content\/uploads\/2023\/05\/Banner-Maio-Despacho-n.o-5108.2023-Blog-1-150x150.png 150w, https:\/\/blog.digitalsign.pt\/wp-content\/uploads\/2023\/05\/Banner-Maio-Despacho-n.o-5108.2023-Blog-1-88x88.png 88w\" sizes=\"(max-width: 150px) 100vw, 150px\" \/><\/div><a href=\"https:\/\/blog.digitalsign.pt\/index.php\/2023\/05\/08\/ja-foi-publicado-em-diario-da-republica-o-despacho-n-o-5108-2023-relativo-a-emissao-de-certificados-qualificados-de-assinatura-eletronica-saiba-tudo\/\">J\u00e1 foi publicado em Di\u00e1rio da Rep\u00fablica o Despacho n.\u00ba 5108\/2023 relativo \u00e0 emiss\u00e3o de certificados qualificados de assinatura eletr\u00f3nica. Saiba tudo!<\/a><div class=\"wp-block-latest-posts__post-excerpt\">No dia 3 de maio de 2023, foi publicado em Di\u00e1rio da Rep\u00fablica o Despacho n.\u00ba 5108\/2023 relativo \u00e0 emiss\u00e3o de certificados qualificados de assinatura eletr\u00f3nica em que a pessoa singular titular do certificado representa uma pessoa coletiva. Atrav\u00e9s do referido Despacho, o Gabinete Nacional de Seguran\u00e7a, no \u00e2mbito das compet\u00eancias previstas no artigo 6.\u00ba [&hellip;]<\/div><\/li>\n<\/ul>\n\n\n<pre class=\"wp-block-code\"><code>&#91;cfmpt_my_post_time] <\/code><\/pre>\n","protected":false},"excerpt":{"rendered":"<p>Para as empresas que ainda est\u00e3o em processo de adapta\u00e7\u00e3o ao novo contexto tecnol\u00f3gico digital potenciado pelo COVID-19, o termo Fatura\u00e7\u00e3o Eletr\u00f3nica pode causar alguma estranheza ou confus\u00e3o. A DigitalSign vai ajud\u00e1-lo a entender melhor do que se trata e quais suas vantagens.<\/p>\n","protected":false},"author":12,"featured_media":0,"comment_status":"closed","ping_status":"closed","sticky":false,"template":"","format":"standard","meta":[],"categories":[1],"tags":[],"yoast_head":"<!-- This site is optimized with the Yoast SEO plugin v18.5.1 - https:\/\/yoast.com\/wordpress\/plugins\/seo\/ -->\n<title>5 MOTIVOS PARA ADERIR \u00c0 FATURA ELETR\u00d3NICA NA SUA EMPRESA. - Blog | DigitalSign - Certificadora Digital<\/title>\n<meta name=\"robots\" content=\"index, follow, max-snippet:-1, max-image-preview:large, max-video-preview:-1\" \/>\n<link rel=\"canonical\" href=\"https:\/\/blog.digitalsign.pt\/index.php\/2021\/09\/13\/7-motivos-para-aderir-a-fatura-eletronica-na-sua-empresa\/\" \/>\n<meta property=\"og:locale\" content=\"pt_PT\" \/>\n<meta property=\"og:type\" content=\"article\" \/>\n<meta property=\"og:title\" content=\"5 MOTIVOS PARA ADERIR \u00c0 FATURA ELETR\u00d3NICA NA SUA EMPRESA. - Blog | DigitalSign - Certificadora Digital\" \/>\n<meta property=\"og:description\" content=\"Para as empresas que ainda est\u00e3o em processo de adapta\u00e7\u00e3o ao novo contexto tecnol\u00f3gico digital potenciado pelo COVID-19, o termo Fatura\u00e7\u00e3o Eletr\u00f3nica pode causar alguma estranheza ou confus\u00e3o. A DigitalSign vai ajud\u00e1-lo a entender melhor do que se trata e quais suas vantagens.\" \/>\n<meta property=\"og:url\" content=\"https:\/\/blog.digitalsign.pt\/index.php\/2021\/09\/13\/7-motivos-para-aderir-a-fatura-eletronica-na-sua-empresa\/\" \/>\n<meta property=\"og:site_name\" content=\"Blog | DigitalSign - Certificadora Digital\" \/>\n<meta property=\"article:published_time\" content=\"2021-09-13T19:36:00+00:00\" \/>\n<meta property=\"article:modified_time\" content=\"2022-02-23T20:17:39+00:00\" \/>\n<meta property=\"og:image\" content=\"https:\/\/blog.digitalsign.pt\/wp-content\/uploads\/2021\/09\/22-1-1024x576.jpg\" \/>\n<meta name=\"twitter:card\" content=\"summary_large_image\" \/>\n<meta name=\"twitter:label1\" content=\"Escrito por\" \/>\n\t<meta name=\"twitter:data1\" content=\"DigitalSign\" \/>\n\t<meta name=\"twitter:label2\" content=\"Tempo estimado de leitura\" \/>\n\t<meta name=\"twitter:data2\" content=\"6 minutos\" \/>\n<script type=\"application\/ld+json\" class=\"yoast-schema-graph\">{\"@context\":\"https:\/\/schema.org\",\"@graph\":[{\"@type\":\"WebSite\",\"@id\":\"https:\/\/blog.digitalsign.pt\/#website\",\"url\":\"https:\/\/blog.digitalsign.pt\/\",\"name\":\"Blog | DigitalSign - Certificadora Digital\",\"description\":\"\",\"potentialAction\":[{\"@type\":\"SearchAction\",\"target\":{\"@type\":\"EntryPoint\",\"urlTemplate\":\"https:\/\/blog.digitalsign.pt\/?s={search_term_string}\"},\"query-input\":\"required name=search_term_string\"}],\"inLanguage\":\"pt-PT\"},{\"@type\":\"ImageObject\",\"@id\":\"https:\/\/blog.digitalsign.pt\/index.php\/2021\/09\/13\/7-motivos-para-aderir-a-fatura-eletronica-na-sua-empresa\/#primaryimage\",\"inLanguage\":\"pt-PT\",\"url\":\"https:\/\/blog.digitalsign.pt\/wp-content\/uploads\/2021\/09\/22-1.jpg\",\"contentUrl\":\"https:\/\/blog.digitalsign.pt\/wp-content\/uploads\/2021\/09\/22-1.jpg\",\"width\":1920,\"height\":1080},{\"@type\":\"WebPage\",\"@id\":\"https:\/\/blog.digitalsign.pt\/index.php\/2021\/09\/13\/7-motivos-para-aderir-a-fatura-eletronica-na-sua-empresa\/#webpage\",\"url\":\"https:\/\/blog.digitalsign.pt\/index.php\/2021\/09\/13\/7-motivos-para-aderir-a-fatura-eletronica-na-sua-empresa\/\",\"name\":\"5 MOTIVOS PARA ADERIR \u00c0 FATURA ELETR\u00d3NICA NA SUA EMPRESA. - Blog | DigitalSign - Certificadora Digital\",\"isPartOf\":{\"@id\":\"https:\/\/blog.digitalsign.pt\/#website\"},\"primaryImageOfPage\":{\"@id\":\"https:\/\/blog.digitalsign.pt\/index.php\/2021\/09\/13\/7-motivos-para-aderir-a-fatura-eletronica-na-sua-empresa\/#primaryimage\"},\"datePublished\":\"2021-09-13T19:36:00+00:00\",\"dateModified\":\"2022-02-23T20:17:39+00:00\",\"author\":{\"@id\":\"https:\/\/blog.digitalsign.pt\/#\/schema\/person\/60172205cc5828f45d4501be9577ea94\"},\"breadcrumb\":{\"@id\":\"https:\/\/blog.digitalsign.pt\/index.php\/2021\/09\/13\/7-motivos-para-aderir-a-fatura-eletronica-na-sua-empresa\/#breadcrumb\"},\"inLanguage\":\"pt-PT\",\"potentialAction\":[{\"@type\":\"ReadAction\",\"target\":[\"https:\/\/blog.digitalsign.pt\/index.php\/2021\/09\/13\/7-motivos-para-aderir-a-fatura-eletronica-na-sua-empresa\/\"]}]},{\"@type\":\"BreadcrumbList\",\"@id\":\"https:\/\/blog.digitalsign.pt\/index.php\/2021\/09\/13\/7-motivos-para-aderir-a-fatura-eletronica-na-sua-empresa\/#breadcrumb\",\"itemListElement\":[{\"@type\":\"ListItem\",\"position\":1,\"name\":\"In\u00edcio\",\"item\":\"https:\/\/blog.digitalsign.pt\/\"},{\"@type\":\"ListItem\",\"position\":2,\"name\":\"5 MOTIVOS PARA ADERIR \u00c0 FATURA ELETR\u00d3NICA NA SUA EMPRESA.\"}]},{\"@type\":\"Person\",\"@id\":\"https:\/\/blog.digitalsign.pt\/#\/schema\/person\/60172205cc5828f45d4501be9577ea94\",\"name\":\"DigitalSign\",\"image\":{\"@type\":\"ImageObject\",\"@id\":\"https:\/\/blog.digitalsign.pt\/#personlogo\",\"inLanguage\":\"pt-PT\",\"url\":\"https:\/\/secure.gravatar.com\/avatar\/a060715e6ff91f708de03cadbcdb906a?s=96&d=mm&r=g\",\"contentUrl\":\"https:\/\/secure.gravatar.com\/avatar\/a060715e6ff91f708de03cadbcdb906a?s=96&d=mm&r=g\",\"caption\":\"DigitalSign\"},\"url\":\"https:\/\/blog.digitalsign.pt\/index.php\/author\/nuno-3qinas\/\"}]}<\/script>\n<!-- \/ Yoast SEO plugin. -->","yoast_head_json":{"title":"5 MOTIVOS PARA ADERIR \u00c0 FATURA ELETR\u00d3NICA NA SUA EMPRESA. - Blog | DigitalSign - Certificadora Digital","robots":{"index":"index","follow":"follow","max-snippet":"max-snippet:-1","max-image-preview":"max-image-preview:large","max-video-preview":"max-video-preview:-1"},"canonical":"https:\/\/blog.digitalsign.pt\/index.php\/2021\/09\/13\/7-motivos-para-aderir-a-fatura-eletronica-na-sua-empresa\/","og_locale":"pt_PT","og_type":"article","og_title":"5 MOTIVOS PARA ADERIR \u00c0 FATURA ELETR\u00d3NICA NA SUA EMPRESA. - Blog | DigitalSign - Certificadora Digital","og_description":"Para as empresas que ainda est\u00e3o em processo de adapta\u00e7\u00e3o ao novo contexto tecnol\u00f3gico digital potenciado pelo COVID-19, o termo Fatura\u00e7\u00e3o Eletr\u00f3nica pode causar alguma estranheza ou confus\u00e3o. A DigitalSign vai ajud\u00e1-lo a entender melhor do que se trata e quais suas vantagens.","og_url":"https:\/\/blog.digitalsign.pt\/index.php\/2021\/09\/13\/7-motivos-para-aderir-a-fatura-eletronica-na-sua-empresa\/","og_site_name":"Blog | DigitalSign - Certificadora Digital","article_published_time":"2021-09-13T19:36:00+00:00","article_modified_time":"2022-02-23T20:17:39+00:00","og_image":[{"url":"https:\/\/blog.digitalsign.pt\/wp-content\/uploads\/2021\/09\/22-1-1024x576.jpg"}],"twitter_card":"summary_large_image","twitter_misc":{"Escrito por":"DigitalSign","Tempo estimado de leitura":"6 minutos"},"schema":{"@context":"https:\/\/schema.org","@graph":[{"@type":"WebSite","@id":"https:\/\/blog.digitalsign.pt\/#website","url":"https:\/\/blog.digitalsign.pt\/","name":"Blog | DigitalSign - Certificadora Digital","description":"","potentialAction":[{"@type":"SearchAction","target":{"@type":"EntryPoint","urlTemplate":"https:\/\/blog.digitalsign.pt\/?s={search_term_string}"},"query-input":"required name=search_term_string"}],"inLanguage":"pt-PT"},{"@type":"ImageObject","@id":"https:\/\/blog.digitalsign.pt\/index.php\/2021\/09\/13\/7-motivos-para-aderir-a-fatura-eletronica-na-sua-empresa\/#primaryimage","inLanguage":"pt-PT","url":"https:\/\/blog.digitalsign.pt\/wp-content\/uploads\/2021\/09\/22-1.jpg","contentUrl":"https:\/\/blog.digitalsign.pt\/wp-content\/uploads\/2021\/09\/22-1.jpg","width":1920,"height":1080},{"@type":"WebPage","@id":"https:\/\/blog.digitalsign.pt\/index.php\/2021\/09\/13\/7-motivos-para-aderir-a-fatura-eletronica-na-sua-empresa\/#webpage","url":"https:\/\/blog.digitalsign.pt\/index.php\/2021\/09\/13\/7-motivos-para-aderir-a-fatura-eletronica-na-sua-empresa\/","name":"5 MOTIVOS PARA ADERIR \u00c0 FATURA ELETR\u00d3NICA NA SUA EMPRESA. - Blog | DigitalSign - Certificadora Digital","isPartOf":{"@id":"https:\/\/blog.digitalsign.pt\/#website"},"primaryImageOfPage":{"@id":"https:\/\/blog.digitalsign.pt\/index.php\/2021\/09\/13\/7-motivos-para-aderir-a-fatura-eletronica-na-sua-empresa\/#primaryimage"},"datePublished":"2021-09-13T19:36:00+00:00","dateModified":"2022-02-23T20:17:39+00:00","author":{"@id":"https:\/\/blog.digitalsign.pt\/#\/schema\/person\/60172205cc5828f45d4501be9577ea94"},"breadcrumb":{"@id":"https:\/\/blog.digitalsign.pt\/index.php\/2021\/09\/13\/7-motivos-para-aderir-a-fatura-eletronica-na-sua-empresa\/#breadcrumb"},"inLanguage":"pt-PT","potentialAction":[{"@type":"ReadAction","target":["https:\/\/blog.digitalsign.pt\/index.php\/2021\/09\/13\/7-motivos-para-aderir-a-fatura-eletronica-na-sua-empresa\/"]}]},{"@type":"BreadcrumbList","@id":"https:\/\/blog.digitalsign.pt\/index.php\/2021\/09\/13\/7-motivos-para-aderir-a-fatura-eletronica-na-sua-empresa\/#breadcrumb","itemListElement":[{"@type":"ListItem","position":1,"name":"In\u00edcio","item":"https:\/\/blog.digitalsign.pt\/"},{"@type":"ListItem","position":2,"name":"5 MOTIVOS PARA ADERIR \u00c0 FATURA ELETR\u00d3NICA NA SUA EMPRESA."}]},{"@type":"Person","@id":"https:\/\/blog.digitalsign.pt\/#\/schema\/person\/60172205cc5828f45d4501be9577ea94","name":"DigitalSign","image":{"@type":"ImageObject","@id":"https:\/\/blog.digitalsign.pt\/#personlogo","inLanguage":"pt-PT","url":"https:\/\/secure.gravatar.com\/avatar\/a060715e6ff91f708de03cadbcdb906a?s=96&d=mm&r=g","contentUrl":"https:\/\/secure.gravatar.com\/avatar\/a060715e6ff91f708de03cadbcdb906a?s=96&d=mm&r=g","caption":"DigitalSign"},"url":"https:\/\/blog.digitalsign.pt\/index.php\/author\/nuno-3qinas\/"}]}},"post_mailing_queue_ids":[],"_links":{"self":[{"href":"https:\/\/blog.digitalsign.pt\/index.php\/wp-json\/wp\/v2\/posts\/735"}],"collection":[{"href":"https:\/\/blog.digitalsign.pt\/index.php\/wp-json\/wp\/v2\/posts"}],"about":[{"href":"https:\/\/blog.digitalsign.pt\/index.php\/wp-json\/wp\/v2\/types\/post"}],"author":[{"embeddable":true,"href":"https:\/\/blog.digitalsign.pt\/index.php\/wp-json\/wp\/v2\/users\/12"}],"replies":[{"embeddable":true,"href":"https:\/\/blog.digitalsign.pt\/index.php\/wp-json\/wp\/v2\/comments?post=735"}],"version-history":[{"count":10,"href":"https:\/\/blog.digitalsign.pt\/index.php\/wp-json\/wp\/v2\/posts\/735\/revisions"}],"predecessor-version":[{"id":1122,"href":"https:\/\/blog.digitalsign.pt\/index.php\/wp-json\/wp\/v2\/posts\/735\/revisions\/1122"}],"wp:attachment":[{"href":"https:\/\/blog.digitalsign.pt\/index.php\/wp-json\/wp\/v2\/media?parent=735"}],"wp:term":[{"taxonomy":"category","embeddable":true,"href":"https:\/\/blog.digitalsign.pt\/index.php\/wp-json\/wp\/v2\/categories?post=735"},{"taxonomy":"post_tag","embeddable":true,"href":"https:\/\/blog.digitalsign.pt\/index.php\/wp-json\/wp\/v2\/tags?post=735"}],"curies":[{"name":"wp","href":"https:\/\/api.w.org\/{rel}","templated":true}]}}