{"id":2170,"date":"2022-11-28T11:29:53","date_gmt":"2022-11-28T11:29:53","guid":{"rendered":"https:\/\/blog.digitalsign.pt\/?p=2170"},"modified":"2022-11-28T16:21:14","modified_gmt":"2022-11-28T16:21:14","slug":"workshop-o-cibercrime-e-a-transformacao-digital","status":"publish","type":"post","link":"https:\/\/blog.digitalsign.pt\/index.php\/2022\/11\/28\/workshop-o-cibercrime-e-a-transformacao-digital\/","title":{"rendered":"Workshop: O Cibercrime e a Transforma\u00e7\u00e3o Digital"},"content":{"rendered":"\n<p>A evolu\u00e7\u00e3o da transforma\u00e7\u00e3o digital coloca novos desafios sob a perspetiva da seguran\u00e7a. Por isso, em parceria com a <strong>Pol\u00edcia Judici\u00e1ria<\/strong>, a <strong><span style=\"color:#00A6EB\">DigitalSign<\/span><\/strong> realizou um workshop no passado dia 15 de novembro de 2022: &#8220;O Cibercrime e a Transforma\u00e7\u00e3o Digital Segura&#8221;.<\/p>\n\n\n\n<p>O workshop teve como objetivo apresentar diferentes perspetivas sobre a tem\u00e1tica do cibercrime e da seguran\u00e7a da informa\u00e7\u00e3o, bem como refletir sobre a possibilidade de os ciber-criminosos cometerem crimes \u00e0 dist\u00e2ncia &#8211; que lhes d\u00e3o a sensa\u00e7\u00e3o de impunidade.<\/p>\n\n\n\n<!--more-->\n\n\n\n<p>Mais de 170 pessoas acompanharam-nos durante este dia, em que as expectativas foram largamente superadas, tanto por parte da organiza\u00e7\u00e3o como dos participantes. <\/p>\n\n\n\n<p>O workshop contou ainda com um leque de oradores de excel\u00eancia com larga experi\u00eancia na \u00e1rea do cibercrime e seguran\u00e7a digital, assim como temas de extrema relev\u00e2ncia:<\/p>\n\n\n\n<ul><li><strong>Abertura<\/strong>: Lu\u00eds Neves, Diretor Nacional da Pol\u00edcia Judici\u00e1ria e Carlos Cabreiro, Diretor da UNC3T;<\/li><li><strong>&#8220;O Regulamento eIDAS e a sua relev\u00e2ncia para uma sociedade digital segura&#8221;<\/strong> &nbsp;&#8211; Nuno Pimp\u00e3o, Tenente Coronel, Gabinete Nacional de Seguran\u00e7a;<\/li><li><strong>&#8220;A tipologia do cibercrime nas infraestruturas cr\u00edticas nacionais \u2013 alguns exemplos&#8221;<\/strong> &#8211; Ricardo Oliveira, Diretor, Eurotux;<\/li><li><strong>&#8220;Preven\u00e7\u00e3o do roubo de identidade nos processos de identifica\u00e7\u00e3o remota&#8221;<\/strong> &#8211; \u00c1lvaro Matos, Diretor Geral, DigitalSign;<\/li><li><strong>&#8220;A import\u00e2ncia do eIDAS como mitiga\u00e7\u00e3o do ciber-risco: o exemplo da fatura\u00e7\u00e3o eletr\u00f3nica&#8221;<\/strong> &#8211; F\u00e1bio Rego, Advogado e Desenvolvimento de Neg\u00f3cio , DigitalSign;<\/li><li><strong>&#8220;Phishing banc\u00e1rio &#8211; um estudo de caso&#8221;<\/strong> &#8211; Paulo Gon\u00e7alves, Inspetor-Chefe em Coordena\u00e7\u00e3o da Sec\u00e7\u00e3o Central de Investiga\u00e7\u00e3o da Criminalidade Inform\u00e1tica e Tecnol\u00f3gica da Unidade &nbsp;Nacional de Combate ao Cibercrime e \u00e0 Criminalidade Tecnol\u00f3gica da &nbsp; Pol\u00edcia Judici\u00e1ria;<\/li><li><strong>&#8220;Gest\u00e3o da ciber-informa\u00e7\u00e3o no Banco de Portugal&#8221; <\/strong>&#8211; Pedro Silva, Coordenador da Unidade de Pol\u00edticas, Seguran\u00e7a, Privacidade e Conformidade IT do Banco de Portugal;<\/li><li><strong>&#8220;Caso de estudo: a desmaterializa\u00e7\u00e3o de processos EDP com seguran\u00e7a jur\u00eddica e inform\u00e1tica&#8221;<\/strong> &#8211; Nuno Goes, DGU \u2013 Digital Global Unit | Security &amp; IT Risk, EDP Energias de Portugal;<\/li><li><strong>&#8220;Ciberseguran\u00e7a \u2013 dos comportamentos \u00e0s pr\u00e1ticas organizacionais&#8221;<\/strong> &#8211; C\u00e9sar Afonso, Inspetor-Chefe em Coordena\u00e7\u00e3o e Respons\u00e1vel da informa\u00e7\u00e3o da UNC3T da Pol\u00edcia Judici\u00e1ria;<\/li><li><strong>&#8220;O papel dos servi\u00e7os de confian\u00e7a previstos no eIDAS: o caso da Comiss\u00e3o Europeia&#8221;<\/strong> &#8211; Apostolos Apladas, Program Manager &#8211; eID and eSigning Services, Comiss\u00e3o Europeia;<\/li><li><strong>&#8220;Nova Carteira de Identidade Digital Nacional do Brasil&#8221;<\/strong> &#8211; Eduardo Magalh\u00e3es de Lacerda, Diretor de Moderniza\u00e7\u00e3o de Identifica\u00e7\u00e3o do Cidad\u00e3o, Secretaria-Geral da Presid\u00eancia da Rep\u00fablica;<\/li><li><strong>&#8220;Wrap up e modera\u00e7\u00e3o de mesa redonda de encerramento&#8221;<\/strong> &nbsp;&#8211; Joana Mota Agostinho, Advogada e Partner de Prote\u00e7\u00e3o de Dados e TMT, Cuatrecasas e Rog\u00e9rio Bravo, Coordenador de Investiga\u00e7\u00e3o Criminal da PJ;<\/li><li><strong>Encerramento<\/strong> &#8211; Contra-almirante, Ant\u00f3nio Gameiro Marques, Gabinete Nacional de Seguran\u00e7a.<\/li><\/ul>\n\n\n\n<figure class=\"wp-block-image size-large\"><img loading=\"lazy\" width=\"1024\" height=\"768\" src=\"https:\/\/blog.digitalsign.pt\/wp-content\/uploads\/2022\/11\/IMG_1482-1024x768.jpeg\" alt=\"\" class=\"wp-image-2173\" srcset=\"https:\/\/blog.digitalsign.pt\/wp-content\/uploads\/2022\/11\/IMG_1482-1024x768.jpeg 1024w, https:\/\/blog.digitalsign.pt\/wp-content\/uploads\/2022\/11\/IMG_1482-300x225.jpeg 300w, https:\/\/blog.digitalsign.pt\/wp-content\/uploads\/2022\/11\/IMG_1482-768x576.jpeg 768w, https:\/\/blog.digitalsign.pt\/wp-content\/uploads\/2022\/11\/IMG_1482-1536x1152.jpeg 1536w, https:\/\/blog.digitalsign.pt\/wp-content\/uploads\/2022\/11\/IMG_1482-2048x1536.jpeg 2048w, https:\/\/blog.digitalsign.pt\/wp-content\/uploads\/2022\/11\/IMG_1482-900x675.jpeg 900w, https:\/\/blog.digitalsign.pt\/wp-content\/uploads\/2022\/11\/IMG_1482-1280x960.jpeg 1280w\" sizes=\"(max-width: 1024px) 100vw, 1024px\" \/><\/figure>\n\n\n\n<p>Deixamos um agradecimento especial a todos os oradores, a todos os presentes e a todos os parceiros que se uniram \u00e0 <strong><span style=\"color:#00A6EB\">DigitalSign<\/span><\/strong> e \u00e0 Pol\u00edcia Judici\u00e1ria para o sucesso deste evento: <strong>Gabinete Nacional de Seguran\u00e7a<\/strong>, <strong>Banco de Portugal<\/strong>, <strong>Comiss\u00e3o Europeia<\/strong>, <strong>Secretaria-Geral da Presid\u00eancia da Rep\u00fablica do Brasil<\/strong>, <strong>EDP<\/strong>, <strong>Cuatrecasas <\/strong>e <strong>Eurotux<\/strong>.<\/p>\n\n\n\n<p>Para todos os que n\u00e3o puderam estar presentes, podem agora ouvir o podcast &#8220;O Cibercrime e a Transforma\u00e7\u00e3o Digital Segura&#8221; atrav\u00e9s do Spotify <a href=\"https:\/\/open.spotify.com\/show\/2CwUugGDr5ERKgHbobLRLt?si=f93addf672af4dbb&amp;nd=1\" target=\"_blank\" rel=\"noreferrer noopener\">aqui<\/a>. O podcast conta com todas as interven\u00e7\u00f5es do workshop.<br><\/p>\n\n\n\n<h2>Leia tamb\u00e9m&#8230;<\/h2>\n\n\n<ul class=\"wp-block-latest-posts__list wp-block-latest-posts\"><li><div class=\"wp-block-latest-posts__featured-image alignleft\"><img width=\"150\" height=\"150\" src=\"https:\/\/blog.digitalsign.pt\/wp-content\/uploads\/2021\/03\/6-1-150x150.png\" class=\"attachment-thumbnail size-thumbnail wp-post-image\" alt=\"\" loading=\"lazy\" style=\"\" srcset=\"https:\/\/blog.digitalsign.pt\/wp-content\/uploads\/2021\/03\/6-1-150x150.png 150w, https:\/\/blog.digitalsign.pt\/wp-content\/uploads\/2021\/03\/6-1-88x88.png 88w\" sizes=\"(max-width: 150px) 100vw, 150px\" \/><\/div><a href=\"https:\/\/blog.digitalsign.pt\/index.php\/2021\/03\/02\/o-que-e-um-prestador-qualificado-de-servicos-de-confianca-qtsp\/\">O que \u00e9 um Prestador Qualificado de Servi\u00e7os de Confian\u00e7a (QTSP)?<\/a><div class=\"wp-block-latest-posts__post-excerpt\">O ano de 2021 inicia-se com mudan\u00e7as significativas, atingindo todas as escalas da economia e da sociedade em geral. Uma nova era digital passa [&hellip;]<\/div><\/li>\n<li><div class=\"wp-block-latest-posts__featured-image alignleft\"><img width=\"150\" height=\"150\" src=\"https:\/\/blog.digitalsign.pt\/wp-content\/uploads\/2021\/03\/Img-Fat-Elet-blog-3-1024x576-1-150x150.jpg\" class=\"attachment-thumbnail size-thumbnail wp-post-image\" alt=\"\" loading=\"lazy\" style=\"\" srcset=\"https:\/\/blog.digitalsign.pt\/wp-content\/uploads\/2021\/03\/Img-Fat-Elet-blog-3-1024x576-1-150x150.jpg 150w, https:\/\/blog.digitalsign.pt\/wp-content\/uploads\/2021\/03\/Img-Fat-Elet-blog-3-1024x576-1-88x88.jpg 88w\" sizes=\"(max-width: 150px) 100vw, 150px\" \/><\/div><a href=\"https:\/\/blog.digitalsign.pt\/index.php\/2021\/03\/11\/e-por-falar-em-faturacao-eletronicao-que-deve-saber\/\">E por falar em Fatura\u00e7\u00e3o Eletr\u00f3nica\u2026 O que deve saber?<\/a><div class=\"wp-block-latest-posts__post-excerpt\">A nova realidade digital continua a gerar mudan\u00e7as radicais na forma de gerir neg\u00f3cios e servi\u00e7os. O impacto \u00e9 cada vez mais definitivo na [&hellip;]<\/div><\/li>\n<li><div class=\"wp-block-latest-posts__featured-image alignleft\"><img width=\"150\" height=\"150\" src=\"https:\/\/blog.digitalsign.pt\/wp-content\/uploads\/2021\/04\/RH-Digital-150x150.jpg\" class=\"attachment-thumbnail size-thumbnail wp-post-image\" alt=\"\" loading=\"lazy\" style=\"\" srcset=\"https:\/\/blog.digitalsign.pt\/wp-content\/uploads\/2021\/04\/RH-Digital-150x150.jpg 150w, https:\/\/blog.digitalsign.pt\/wp-content\/uploads\/2021\/04\/RH-Digital-88x88.jpg 88w\" sizes=\"(max-width: 150px) 100vw, 150px\" \/><\/div><a href=\"https:\/\/blog.digitalsign.pt\/index.php\/2021\/04\/07\/4-passos-para-digitalizar-o-seu-departamento-de-rh\/\">4 passos para digitalizar o seu departamento de RH<\/a><div class=\"wp-block-latest-posts__post-excerpt\">As tarefas administrativas de Recursos Humanos s\u00e3o repetitivas e demoradas, para al\u00e9m dos respetivos departamentos gerarem enormes quantidades de papel, acabam tamb\u00e9m por aumentar [&hellip;]<\/div><\/li>\n<\/ul>","protected":false},"excerpt":{"rendered":"<p>A evolu\u00e7\u00e3o da transforma\u00e7\u00e3o digital coloca novos desafios sob a perspetiva da seguran\u00e7a. Por isso, em parceria com a Pol\u00edcia Judici\u00e1ria, a DigitalSign realizou um workshop no passado dia 15 de novembro de 2022: &#8220;O Cibercrime e a Transforma\u00e7\u00e3o Digital Segura&#8221;. O workshop teve como objetivo apresentar diferentes perspetivas sobre a tem\u00e1tica do cibercrime e [&hellip;]<\/p>\n","protected":false},"author":12,"featured_media":2176,"comment_status":"closed","ping_status":"closed","sticky":false,"template":"","format":"standard","meta":[],"categories":[6],"tags":[],"yoast_head":"<!-- This site is optimized with the Yoast SEO plugin v18.5.1 - https:\/\/yoast.com\/wordpress\/plugins\/seo\/ -->\n<title>Workshop: O Cibercrime e a Transforma\u00e7\u00e3o Digital - Blog | DigitalSign - Certificadora Digital<\/title>\n<meta name=\"robots\" content=\"index, follow, max-snippet:-1, max-image-preview:large, max-video-preview:-1\" \/>\n<link rel=\"canonical\" href=\"https:\/\/blog.digitalsign.pt\/index.php\/2022\/11\/28\/workshop-o-cibercrime-e-a-transformacao-digital\/\" \/>\n<meta property=\"og:locale\" content=\"pt_PT\" \/>\n<meta property=\"og:type\" content=\"article\" \/>\n<meta property=\"og:title\" content=\"Workshop: O Cibercrime e a Transforma\u00e7\u00e3o Digital - Blog | DigitalSign - Certificadora Digital\" \/>\n<meta property=\"og:description\" content=\"A evolu\u00e7\u00e3o da transforma\u00e7\u00e3o digital coloca novos desafios sob a perspetiva da seguran\u00e7a. Por isso, em parceria com a Pol\u00edcia Judici\u00e1ria, a DigitalSign realizou um workshop no passado dia 15 de novembro de 2022: &#8220;O Cibercrime e a Transforma\u00e7\u00e3o Digital Segura&#8221;. O workshop teve como objetivo apresentar diferentes perspetivas sobre a tem\u00e1tica do cibercrime e [&hellip;]\" \/>\n<meta property=\"og:url\" content=\"https:\/\/blog.digitalsign.pt\/index.php\/2022\/11\/28\/workshop-o-cibercrime-e-a-transformacao-digital\/\" \/>\n<meta property=\"og:site_name\" content=\"Blog | DigitalSign - Certificadora Digital\" \/>\n<meta property=\"article:published_time\" content=\"2022-11-28T11:29:53+00:00\" \/>\n<meta property=\"article:modified_time\" content=\"2022-11-28T16:21:14+00:00\" \/>\n<meta property=\"og:image\" content=\"https:\/\/blog.digitalsign.pt\/wp-content\/uploads\/2022\/11\/CapaBlog_DS.jpg\" \/>\n\t<meta property=\"og:image:width\" content=\"1600\" \/>\n\t<meta property=\"og:image:height\" content=\"800\" \/>\n\t<meta property=\"og:image:type\" content=\"image\/jpeg\" \/>\n<meta name=\"twitter:card\" content=\"summary_large_image\" \/>\n<meta name=\"twitter:label1\" content=\"Escrito por\" \/>\n\t<meta name=\"twitter:data1\" content=\"DigitalSign\" \/>\n\t<meta name=\"twitter:label2\" content=\"Tempo estimado de leitura\" \/>\n\t<meta name=\"twitter:data2\" content=\"3 minutos\" \/>\n<script type=\"application\/ld+json\" class=\"yoast-schema-graph\">{\"@context\":\"https:\/\/schema.org\",\"@graph\":[{\"@type\":\"WebSite\",\"@id\":\"https:\/\/blog.digitalsign.pt\/#website\",\"url\":\"https:\/\/blog.digitalsign.pt\/\",\"name\":\"Blog | DigitalSign - Certificadora Digital\",\"description\":\"\",\"potentialAction\":[{\"@type\":\"SearchAction\",\"target\":{\"@type\":\"EntryPoint\",\"urlTemplate\":\"https:\/\/blog.digitalsign.pt\/?s={search_term_string}\"},\"query-input\":\"required name=search_term_string\"}],\"inLanguage\":\"pt-PT\"},{\"@type\":\"ImageObject\",\"@id\":\"https:\/\/blog.digitalsign.pt\/index.php\/2022\/11\/28\/workshop-o-cibercrime-e-a-transformacao-digital\/#primaryimage\",\"inLanguage\":\"pt-PT\",\"url\":\"https:\/\/blog.digitalsign.pt\/wp-content\/uploads\/2022\/11\/CapaBlog_DS.jpg\",\"contentUrl\":\"https:\/\/blog.digitalsign.pt\/wp-content\/uploads\/2022\/11\/CapaBlog_DS.jpg\",\"width\":1600,\"height\":800},{\"@type\":\"WebPage\",\"@id\":\"https:\/\/blog.digitalsign.pt\/index.php\/2022\/11\/28\/workshop-o-cibercrime-e-a-transformacao-digital\/#webpage\",\"url\":\"https:\/\/blog.digitalsign.pt\/index.php\/2022\/11\/28\/workshop-o-cibercrime-e-a-transformacao-digital\/\",\"name\":\"Workshop: O Cibercrime e a Transforma\u00e7\u00e3o Digital - Blog | DigitalSign - Certificadora Digital\",\"isPartOf\":{\"@id\":\"https:\/\/blog.digitalsign.pt\/#website\"},\"primaryImageOfPage\":{\"@id\":\"https:\/\/blog.digitalsign.pt\/index.php\/2022\/11\/28\/workshop-o-cibercrime-e-a-transformacao-digital\/#primaryimage\"},\"datePublished\":\"2022-11-28T11:29:53+00:00\",\"dateModified\":\"2022-11-28T16:21:14+00:00\",\"author\":{\"@id\":\"https:\/\/blog.digitalsign.pt\/#\/schema\/person\/60172205cc5828f45d4501be9577ea94\"},\"breadcrumb\":{\"@id\":\"https:\/\/blog.digitalsign.pt\/index.php\/2022\/11\/28\/workshop-o-cibercrime-e-a-transformacao-digital\/#breadcrumb\"},\"inLanguage\":\"pt-PT\",\"potentialAction\":[{\"@type\":\"ReadAction\",\"target\":[\"https:\/\/blog.digitalsign.pt\/index.php\/2022\/11\/28\/workshop-o-cibercrime-e-a-transformacao-digital\/\"]}]},{\"@type\":\"BreadcrumbList\",\"@id\":\"https:\/\/blog.digitalsign.pt\/index.php\/2022\/11\/28\/workshop-o-cibercrime-e-a-transformacao-digital\/#breadcrumb\",\"itemListElement\":[{\"@type\":\"ListItem\",\"position\":1,\"name\":\"In\u00edcio\",\"item\":\"https:\/\/blog.digitalsign.pt\/\"},{\"@type\":\"ListItem\",\"position\":2,\"name\":\"Workshop: O Cibercrime e a Transforma\u00e7\u00e3o Digital\"}]},{\"@type\":\"Person\",\"@id\":\"https:\/\/blog.digitalsign.pt\/#\/schema\/person\/60172205cc5828f45d4501be9577ea94\",\"name\":\"DigitalSign\",\"image\":{\"@type\":\"ImageObject\",\"@id\":\"https:\/\/blog.digitalsign.pt\/#personlogo\",\"inLanguage\":\"pt-PT\",\"url\":\"https:\/\/secure.gravatar.com\/avatar\/a060715e6ff91f708de03cadbcdb906a?s=96&d=mm&r=g\",\"contentUrl\":\"https:\/\/secure.gravatar.com\/avatar\/a060715e6ff91f708de03cadbcdb906a?s=96&d=mm&r=g\",\"caption\":\"DigitalSign\"},\"url\":\"https:\/\/blog.digitalsign.pt\/index.php\/author\/nuno-3qinas\/\"}]}<\/script>\n<!-- \/ Yoast SEO plugin. -->","yoast_head_json":{"title":"Workshop: O Cibercrime e a Transforma\u00e7\u00e3o Digital - Blog | DigitalSign - Certificadora Digital","robots":{"index":"index","follow":"follow","max-snippet":"max-snippet:-1","max-image-preview":"max-image-preview:large","max-video-preview":"max-video-preview:-1"},"canonical":"https:\/\/blog.digitalsign.pt\/index.php\/2022\/11\/28\/workshop-o-cibercrime-e-a-transformacao-digital\/","og_locale":"pt_PT","og_type":"article","og_title":"Workshop: O Cibercrime e a Transforma\u00e7\u00e3o Digital - Blog | DigitalSign - Certificadora Digital","og_description":"A evolu\u00e7\u00e3o da transforma\u00e7\u00e3o digital coloca novos desafios sob a perspetiva da seguran\u00e7a. Por isso, em parceria com a Pol\u00edcia Judici\u00e1ria, a DigitalSign realizou um workshop no passado dia 15 de novembro de 2022: &#8220;O Cibercrime e a Transforma\u00e7\u00e3o Digital Segura&#8221;. O workshop teve como objetivo apresentar diferentes perspetivas sobre a tem\u00e1tica do cibercrime e [&hellip;]","og_url":"https:\/\/blog.digitalsign.pt\/index.php\/2022\/11\/28\/workshop-o-cibercrime-e-a-transformacao-digital\/","og_site_name":"Blog | DigitalSign - Certificadora Digital","article_published_time":"2022-11-28T11:29:53+00:00","article_modified_time":"2022-11-28T16:21:14+00:00","og_image":[{"width":1600,"height":800,"url":"https:\/\/blog.digitalsign.pt\/wp-content\/uploads\/2022\/11\/CapaBlog_DS.jpg","type":"image\/jpeg"}],"twitter_card":"summary_large_image","twitter_misc":{"Escrito por":"DigitalSign","Tempo estimado de leitura":"3 minutos"},"schema":{"@context":"https:\/\/schema.org","@graph":[{"@type":"WebSite","@id":"https:\/\/blog.digitalsign.pt\/#website","url":"https:\/\/blog.digitalsign.pt\/","name":"Blog | DigitalSign - Certificadora Digital","description":"","potentialAction":[{"@type":"SearchAction","target":{"@type":"EntryPoint","urlTemplate":"https:\/\/blog.digitalsign.pt\/?s={search_term_string}"},"query-input":"required name=search_term_string"}],"inLanguage":"pt-PT"},{"@type":"ImageObject","@id":"https:\/\/blog.digitalsign.pt\/index.php\/2022\/11\/28\/workshop-o-cibercrime-e-a-transformacao-digital\/#primaryimage","inLanguage":"pt-PT","url":"https:\/\/blog.digitalsign.pt\/wp-content\/uploads\/2022\/11\/CapaBlog_DS.jpg","contentUrl":"https:\/\/blog.digitalsign.pt\/wp-content\/uploads\/2022\/11\/CapaBlog_DS.jpg","width":1600,"height":800},{"@type":"WebPage","@id":"https:\/\/blog.digitalsign.pt\/index.php\/2022\/11\/28\/workshop-o-cibercrime-e-a-transformacao-digital\/#webpage","url":"https:\/\/blog.digitalsign.pt\/index.php\/2022\/11\/28\/workshop-o-cibercrime-e-a-transformacao-digital\/","name":"Workshop: O Cibercrime e a Transforma\u00e7\u00e3o Digital - Blog | DigitalSign - Certificadora Digital","isPartOf":{"@id":"https:\/\/blog.digitalsign.pt\/#website"},"primaryImageOfPage":{"@id":"https:\/\/blog.digitalsign.pt\/index.php\/2022\/11\/28\/workshop-o-cibercrime-e-a-transformacao-digital\/#primaryimage"},"datePublished":"2022-11-28T11:29:53+00:00","dateModified":"2022-11-28T16:21:14+00:00","author":{"@id":"https:\/\/blog.digitalsign.pt\/#\/schema\/person\/60172205cc5828f45d4501be9577ea94"},"breadcrumb":{"@id":"https:\/\/blog.digitalsign.pt\/index.php\/2022\/11\/28\/workshop-o-cibercrime-e-a-transformacao-digital\/#breadcrumb"},"inLanguage":"pt-PT","potentialAction":[{"@type":"ReadAction","target":["https:\/\/blog.digitalsign.pt\/index.php\/2022\/11\/28\/workshop-o-cibercrime-e-a-transformacao-digital\/"]}]},{"@type":"BreadcrumbList","@id":"https:\/\/blog.digitalsign.pt\/index.php\/2022\/11\/28\/workshop-o-cibercrime-e-a-transformacao-digital\/#breadcrumb","itemListElement":[{"@type":"ListItem","position":1,"name":"In\u00edcio","item":"https:\/\/blog.digitalsign.pt\/"},{"@type":"ListItem","position":2,"name":"Workshop: O Cibercrime e a Transforma\u00e7\u00e3o Digital"}]},{"@type":"Person","@id":"https:\/\/blog.digitalsign.pt\/#\/schema\/person\/60172205cc5828f45d4501be9577ea94","name":"DigitalSign","image":{"@type":"ImageObject","@id":"https:\/\/blog.digitalsign.pt\/#personlogo","inLanguage":"pt-PT","url":"https:\/\/secure.gravatar.com\/avatar\/a060715e6ff91f708de03cadbcdb906a?s=96&d=mm&r=g","contentUrl":"https:\/\/secure.gravatar.com\/avatar\/a060715e6ff91f708de03cadbcdb906a?s=96&d=mm&r=g","caption":"DigitalSign"},"url":"https:\/\/blog.digitalsign.pt\/index.php\/author\/nuno-3qinas\/"}]}},"post_mailing_queue_ids":[],"_links":{"self":[{"href":"https:\/\/blog.digitalsign.pt\/index.php\/wp-json\/wp\/v2\/posts\/2170"}],"collection":[{"href":"https:\/\/blog.digitalsign.pt\/index.php\/wp-json\/wp\/v2\/posts"}],"about":[{"href":"https:\/\/blog.digitalsign.pt\/index.php\/wp-json\/wp\/v2\/types\/post"}],"author":[{"embeddable":true,"href":"https:\/\/blog.digitalsign.pt\/index.php\/wp-json\/wp\/v2\/users\/12"}],"replies":[{"embeddable":true,"href":"https:\/\/blog.digitalsign.pt\/index.php\/wp-json\/wp\/v2\/comments?post=2170"}],"version-history":[{"count":9,"href":"https:\/\/blog.digitalsign.pt\/index.php\/wp-json\/wp\/v2\/posts\/2170\/revisions"}],"predecessor-version":[{"id":2215,"href":"https:\/\/blog.digitalsign.pt\/index.php\/wp-json\/wp\/v2\/posts\/2170\/revisions\/2215"}],"wp:featuredmedia":[{"embeddable":true,"href":"https:\/\/blog.digitalsign.pt\/index.php\/wp-json\/wp\/v2\/media\/2176"}],"wp:attachment":[{"href":"https:\/\/blog.digitalsign.pt\/index.php\/wp-json\/wp\/v2\/media?parent=2170"}],"wp:term":[{"taxonomy":"category","embeddable":true,"href":"https:\/\/blog.digitalsign.pt\/index.php\/wp-json\/wp\/v2\/categories?post=2170"},{"taxonomy":"post_tag","embeddable":true,"href":"https:\/\/blog.digitalsign.pt\/index.php\/wp-json\/wp\/v2\/tags?post=2170"}],"curies":[{"name":"wp","href":"https:\/\/api.w.org\/{rel}","templated":true}]}}