{"id":2098,"date":"2022-11-03T15:16:06","date_gmt":"2022-11-03T15:16:06","guid":{"rendered":"https:\/\/blog.digitalsign.pt\/?p=2098"},"modified":"2022-11-08T17:04:42","modified_gmt":"2022-11-08T17:04:42","slug":"fatura-eletronica-tire-as-suas-duvidas","status":"publish","type":"post","link":"https:\/\/blog.digitalsign.pt\/index.php\/2022\/11\/03\/fatura-eletronica-tire-as-suas-duvidas\/","title":{"rendered":"Fatura Eletr\u00f3nica? Tire agora as suas d\u00favidas"},"content":{"rendered":"\n<p>Na passada quinta-feira, dia 27 de outubro, a DigitalSign realizou um webinar acerca da tem\u00e1tica da Fatura\u00e7\u00e3o Eletr\u00f3nica, que contou com a participa\u00e7\u00e3o de mais de 400 pessoas. De um modo geral, alertou-se para a entrada em vigor de determinados requisitos legais aplic\u00e1veis \u00e0 fatura eletr\u00f3nica, discutiram-se as suas principais vantagens, terminando com a explana\u00e7\u00e3o de importantes use cases. <\/p>\n\n\n\n<!--more-->\n\n\n\n<figure class=\"wp-block-image size-large\"><img loading=\"lazy\" width=\"1024\" height=\"512\" src=\"https:\/\/blog.digitalsign.pt\/wp-content\/uploads\/2022\/11\/WhatsApp-Image-2022-11-02-at-17.35.59-1024x512.jpeg\" alt=\"\" class=\"wp-image-2101\" srcset=\"https:\/\/blog.digitalsign.pt\/wp-content\/uploads\/2022\/11\/WhatsApp-Image-2022-11-02-at-17.35.59-1024x512.jpeg 1024w, https:\/\/blog.digitalsign.pt\/wp-content\/uploads\/2022\/11\/WhatsApp-Image-2022-11-02-at-17.35.59-300x150.jpeg 300w, https:\/\/blog.digitalsign.pt\/wp-content\/uploads\/2022\/11\/WhatsApp-Image-2022-11-02-at-17.35.59-768x384.jpeg 768w, https:\/\/blog.digitalsign.pt\/wp-content\/uploads\/2022\/11\/WhatsApp-Image-2022-11-02-at-17.35.59-1536x768.jpeg 1536w, https:\/\/blog.digitalsign.pt\/wp-content\/uploads\/2022\/11\/WhatsApp-Image-2022-11-02-at-17.35.59-900x450.jpeg 900w, https:\/\/blog.digitalsign.pt\/wp-content\/uploads\/2022\/11\/WhatsApp-Image-2022-11-02-at-17.35.59-1280x640.jpeg 1280w, https:\/\/blog.digitalsign.pt\/wp-content\/uploads\/2022\/11\/WhatsApp-Image-2022-11-02-at-17.35.59.jpeg 1600w\" sizes=\"(max-width: 1024px) 100vw, 1024px\" \/><\/figure>\n\n\n\n<p>Os participantes tiveram ainda oportunidade de levantar quest\u00f5es, as quais s\u00e3o agora publicadas:<\/p>\n\n\n\n<blockquote class=\"wp-block-quote has-normal-font-size\"><p><strong>A assinatura eletr\u00f3nica qualificada ou o selo eletr\u00f3nico qualificado s\u00e3o vis\u00edveis no documento? Como \u00e9 que coloco vis\u00edvel?<\/strong><\/p><\/blockquote>\n\n\n\n<p>Depende. As assinaturas eletr\u00f3nicas ou selos tanto podem estar vis\u00edveis, como n\u00e3o. De facto, a confiabilidade fornecida pela tecnologia da assinatura digital n\u00e3o est\u00e1 relacionada com a sua representa\u00e7\u00e3o visual. Tal significa que, mesmo que n\u00e3o seja poss\u00edvel visualizar a assinatura no pr\u00f3prio documento e proceder \u00e0 sua verifica\u00e7\u00e3o sem a utiliza\u00e7\u00e3o de um software espec\u00edfico, nem por isso deixa de ser garantida a integridade e autenticidade do documento. No fundo, \u00e9 uma op\u00e7\u00e3o do cliente.<\/p>\n\n\n\n<p>Quanto \u00e0 segunda quest\u00e3o, tudo vai depender da integra\u00e7\u00e3o da Software House.<\/p>\n\n\n\n<blockquote class=\"wp-block-quote\"><p><strong>Se enviada via EDI, precisa de ser assinada?<\/strong><\/p><\/blockquote>\n\n\n\n<p>Considerando o disposto no artigo 12.\u00ba do DL n.\u00ba 28\/2019, de 15 de fevereiro, n\u00e3o. No entanto, por favor advirta-se que t\u00eam de estar cumpridas as diretrizes europeias relativamente ao acordo EDI. \u00c9 imperioso que os emitentes e destinat\u00e1rios outorguem um acordo que siga as condi\u00e7\u00f5es jur\u00eddicas do \u00abAcordo tipo EDI europeu\u00bb, aprovado pela Recomenda\u00e7\u00e3o n.\u00ba 1994\/820\/CE, da Comiss\u00e3o, de 19 de outubro, nos termos do artigo 12.\u00ba, n.\u00ba2 al\u00ednea c). Caso contr\u00e1rio, necessitar\u00e1, adicionalmente, de assinar ou selar a fatura, em conformidade com as restantes al\u00edneas do aludido artigo.<\/p>\n\n\n\n<blockquote class=\"wp-block-quote\"><p><strong>Selo eletr\u00f3nico avan\u00e7ado n\u00e3o responde \u00e0 legisla\u00e7\u00e3o ent\u00e3o, certo?<\/strong><\/p><\/blockquote>\n\n\n\n<p>N\u00e3o. Em conformidade com o disposto no artigo 12.\u00ba do DL n.\u00ba 28\/2019, a autenticidade da origem e integridade do conte\u00fado da fatura s\u00f3 pode ser assegurada atrav\u00e9s das seguintes formas: aposi\u00e7\u00e3o de assinatura eletr\u00f3nica qualificada, selo eletr\u00f3nico qualificado, ou utiliza\u00e7\u00e3o de um sistema de interc\u00e2mbio eletr\u00f3nico de dados (desde que cumpridos os requisitos legais j\u00e1 acima dispostos).<\/p>\n\n\n\n<blockquote class=\"wp-block-quote\"><p><strong>Quando recebemos uma Fatura Eletr\u00f3nica (cumprindo com os requisitos) de um fornecedor, a partir do momento em que a imprimimos para arquivar na contabilidade, ela deixa de ser v\u00e1lida?<\/strong><\/p><\/blockquote>\n\n\n\n<p>Precisamente. De acordo com as regras de arquivamento dispostas no DL n.\u00ba 28\/2019, a conserva\u00e7\u00e3o das faturas eletr\u00f3nicas deve ocorrer exclusivamente em formato eletr\u00f3nico (artigo 28.\u00ba).<\/p>\n\n\n\n<blockquote class=\"wp-block-quote\"><p><strong>Posso assinar o CIUS-PT e enviar \u00e0 ESPAP com Selo Eletr\u00f3nico?<\/strong><\/p><\/blockquote>\n\n\n\n<p>Pode sim.<\/p>\n\n\n\n<blockquote class=\"wp-block-quote\"><p><strong>Como s\u00e3o recebidas e guardadas as faturas eletr\u00f3nicas, o programa de fatura\u00e7\u00e3o integra isso? E como v\u00e3o chegar ao contabilista? E se o meu cliente n\u00e3o adotar?<\/strong><\/p><\/blockquote>\n\n\n\n<p>Dirigir a pergunta \u00e0 empresa fornecedora do software de fatura\u00e7\u00e3o, uma vez que se tratam de quest\u00f5es mais t\u00e9cnicas.<\/p>\n\n\n\n<blockquote class=\"wp-block-quote\"><p><strong>A Digital Sign tem servi\u00e7os de EDI?<\/strong><\/p><\/blockquote>\n\n\n\n<p>N\u00e3o.<\/p>\n\n\n\n<blockquote class=\"wp-block-quote\"><p><strong>A fatura vai ficar arquivada com o respetivo selo da assinatura digital associado? Se sim, a validade desse selo, a n\u00edvel de arquivo, tem alguma condicionante temporal?<\/strong><\/p><\/blockquote>\n\n\n\n<p>O certificado de selo possui, efetivamente, um per\u00edodo de validade. No entanto, n\u00e3o \u00e9 pela expira\u00e7\u00e3o deste per\u00edodo que o documento eletr\u00f3nico previamente assinado\/selado perde o seu valor legal e probat\u00f3rio. No fundo, tem sempre de se atender \u00e0 data de aposi\u00e7\u00e3o da assinatura\/selo e \u00e0 data de emiss\u00e3o da fatura. Obviamente, n\u00e3o pode ser assinada\/selada uma fatura com um certificado expirado.<\/p>\n\n\n\n<blockquote class=\"wp-block-quote\"><p><strong>N\u00f3s temos a contabilidade a ser feita por empresa externa \u00e0 nossa e todos os meses lhes enviamos os documentos em papel. E a partir de agora?<\/strong><\/p><\/blockquote>\n\n\n\n<p>S\u00f3 as faturas necessitam de ser emitidas em formato eletr\u00f3nico, os documentos de suporte podem continuar em papel.<\/p>\n\n\n\n<blockquote class=\"wp-block-quote\"><p><strong>O broker de EDI pode utilizar a sua pr\u00f3pria assinatura nos documentos ou tem que utilizar a assinatura ou selo da empresa sua cliente?<\/strong><\/p><\/blockquote>\n\n\n\n<p>O certificado digital utilizado para assinar ou selar as faturas eletr\u00f3nicas deve, obrigatoriamente, ser emitido em nome da entidade emissora das faturas, isto \u00e9, o pr\u00f3prio sujeito passivo, conforme comunica\u00e7\u00e3o do GNS e legisla\u00e7\u00e3o (Regulamento eIDAs; DL n.\u00ba28\/2019 e DL n.\u00ba12\/2021).<\/p>\n\n\n\n<blockquote class=\"wp-block-quote\"><p><strong>Ao enviar a fatura eletr\u00f3nica assinada por correio eletr\u00f3nico deve ser em formato pdf ou xml?<\/strong><\/p><\/blockquote>\n\n\n\n<p>Como boa pr\u00e1tica, deve enviar em formato pdf, para que a outra parte consiga ler a fatura. No entanto, por favor verifique-se que, no \u00e2mbito da contrata\u00e7\u00e3o com a Administra\u00e7\u00e3o P\u00fablica, a fatura tem necessariamente de se encontrar em formato estruturado (XML\/CIUS-PT).<\/p>\n\n\n\n<blockquote class=\"wp-block-quote\"><p><strong>Qual \u00e9 o prazo alargado de autentica\u00e7\u00e3o, ao qual o certificado de selo se encontra sujeito?<\/strong><\/p><\/blockquote>\n\n\n\n<p>O certificado qualificado de selo eletr\u00f3nico encontra-se submetido a um prazo alargado de autentica\u00e7\u00e3o \u2013 \u201cper\u00edodo m\u00e1ximo de 60 dias\u201d, segundo comunica\u00e7\u00e3o 01\/2021 do GNS. Diversamente, pela pr\u00f3pria natureza do certificado qualificado de assinatura eletr\u00f3nica, o seu titular encontra-se submetido a per\u00edodos de autentica\u00e7\u00e3o bastante mais restritivos \u2013 autentica\u00e7\u00e3o di\u00e1ria perante o sistema inform\u00e1tico, segundo a mesma Comunica\u00e7\u00e3o.<\/p>\n\n\n\n<blockquote class=\"wp-block-quote\"><p><strong>Quando \u00e9 enviada uma nota de cr\u00e9dito, o cliente tem e deve devolver o duplicado assinado tamb\u00e9m digitalmente?<\/strong><\/p><\/blockquote>\n\n\n\n<p>A duplica\u00e7\u00e3o n\u00e3o \u00e9 aplic\u00e1vel a documentos emitidos eletronicamente.<\/p>\n\n\n\n<blockquote class=\"wp-block-quote\"><p><strong>Onde ser\u00e3o armazenadas as faturas eletr\u00f3nicas? Numa cloud ou num dispositivo f\u00edsico tipo servidor? Uma fatura em PDF assinada \u00e9 v\u00e1lida? Ou tem que ter um arquivo\/registo em que garante que a pessoa teve acesso \u00e0 mesma?<\/strong><\/p><\/blockquote>\n\n\n\n<p>A emiss\u00e3o de uma fatura eletr\u00f3nica, seja em formato PDF ou num outro, ter\u00e1 sempre de cumprir os requisitos consagrados no artigo 12.\u00ba do DL n.\u00ba 28\/2019, ou seja, a aposi\u00e7\u00e3o de um selo qualificado\/assinatura qualificada ou um acordo tipo EDI europeu. Relativamente ao arquivamento, dever\u00e1 cumprir os requisitos estabelecidos no intervalo entre os artigos 23.\u00ba a 30.\u00ba do DL n.\u00ba 28\/2019.<\/p>\n\n\n\n<blockquote class=\"wp-block-quote\"><p><strong>A partir de 1 de janeiro de 2023, continuar\u00e1 a ser obrigat\u00f3rio obter a aceita\u00e7\u00e3o do cliente para emitir uma fatura eletr\u00f3nica?<\/strong><\/p><\/blockquote>\n\n\n\n<p>Tal como disposto no artigo 12.\u00ba, n\u00famero 1, do DL n.\u00ba 28\/2019, as faturas e demais documentos fiscalmente relevantes podem ser emitidas por via eletr\u00f3nica, mediante a aceita\u00e7\u00e3o do destinat\u00e1rio.<\/p>\n\n\n\n<blockquote class=\"wp-block-quote\"><p><strong>Como ser\u00e1 feita a nota de cr\u00e9dito de uma fatura eletr\u00f3nica? Ter\u00e1 que ser tamb\u00e9m assinada digitalmente?<\/strong><\/p><\/blockquote>\n\n\n\n<p>Se for emitida eletronicamente sim, ter\u00e1 de cumprir com os requisitos legais do DL n.\u00ba 28\/2019.<\/p>\n\n\n\n<blockquote class=\"wp-block-quote\"><p><strong>A fatura\u00e7\u00e3o eletr\u00f3nica tamb\u00e9m \u00e9 obrigat\u00f3ria para os clientes singulares n\u00e3o sujeitos a IVA? Podem ser pessoas singulares?<\/strong><\/p><\/blockquote>\n\n\n\n<p>S\u00e3o sujeitos passivos de IVA as pessoas singulares ou coletivas que exer\u00e7am uma atividade econ\u00f3mica ou que, praticando uma s\u00f3 opera\u00e7\u00e3o tribut\u00e1vel, essa opera\u00e7\u00e3o preencha os pressupostos de incid\u00eancia real de IRS ou IRC. Deste modo, os sujeitos passivos de IVA, sendo pessoas singulares ou coletivas, poder\u00e3o estar sujeitas \u00e0s obrigatoriedades do DL n.\u00ba 28\/2019, caso optem pela emiss\u00e3o de faturas eletr\u00f3nicas ou estejam obrigadas \u00e0 mesma, por serem cocontratantes da Administra\u00e7\u00e3o P\u00fablica.<\/p>\n\n\n\n<blockquote class=\"wp-block-quote\"><p><strong>Tem API para integra\u00e7\u00e3o com o ERP?<\/strong><\/p><\/blockquote>\n\n\n\n<p>O Sofware propriamente dito n\u00e3o tem API para integra\u00e7\u00e3o, mas faz uso de servi\u00e7os que disponibilizamos via API.<\/p>\n\n\n\n<blockquote class=\"wp-block-quote\"><p><strong>Essa aplica\u00e7\u00e3o funciona apenas em Windows?<\/strong><\/p><\/blockquote>\n\n\n\n<p>Sim, em Windows e Windows Server.<\/p>\n\n\n\n<blockquote class=\"wp-block-quote\"><p><strong>A fatura\u00e7\u00e3o eletr\u00f3nica ser\u00e1 obrigat\u00f3ria s\u00f3 para entidades p\u00fablicas ou ser\u00e1 tamb\u00e9m para os particulares e empresas n\u00e3o p\u00fablicas? Vamos ter fornecedores que tem fatura\u00e7\u00e3o eletr\u00f3nica e outros n\u00e3o?<\/strong><\/p><\/blockquote>\n\n\n\n<p>Se for fornecedor da Administra\u00e7\u00e3o P\u00fablica, ent\u00e3o ser\u00e1 obrigado a faturar eletronicamente, em conformidade com os Decretos-Leis n.\u00ba 111-B\/2017 e n.\u00ba 123\/2018 (transposi\u00e7\u00e3o para a ordem jur\u00eddica nacional da Diretiva 2014\/55\/EU). Caso contr\u00e1rio, nos termos do artigo 12.\u00ba do DL n.\u00ba 28\/2019, a fatura\u00e7\u00e3o eletr\u00f3nica apresenta-se como uma alternativa, podendo tamb\u00e9m optar pelas vias tradicionais (\u201cas faturas e demais documentos fiscalmente relevantes podem, mediante aceita\u00e7\u00e3o pelo destinat\u00e1rio, ser emitidos por via eletr\u00f3nica\u201d).<\/p>\n\n\n\n<blockquote class=\"wp-block-quote\"><p><strong>Somos um gabinete de contabilidade e fazemos a fatura\u00e7\u00e3o de v\u00e1rios clientes. De que forma podemos fazer a assinatura digital para cada um dos nossos clientes? Se for usada a aplica\u00e7\u00e3o DS Invoice, ser\u00e1 poss\u00edvel gerar documentos PDF, onde os clientes, atrav\u00e9s do DS invoice procedem \u00e0 assinatura das faturas e enviar as mesmas aos clientes?<\/strong><\/p><\/blockquote>\n\n\n\n<p>Para garantir uma maior seguran\u00e7a, cada cliente poder\u00e1 realizar a instala\u00e7\u00e3o do DSinvoice nas suas pr\u00f3prias instala\u00e7\u00f5es, fazendo assim a gest\u00e3o da assinatura e, porventura, do envio digital.<\/p>\n\n\n\n<p>Obrigado a todos os que participaram no webinar!<\/p>\n\n\n\n<h2>Leia tamb\u00e9m&#8230;<\/h2>\n\n\n<ul class=\"wp-block-latest-posts__list wp-block-latest-posts\"><li><div class=\"wp-block-latest-posts__featured-image alignleft\"><img width=\"150\" height=\"150\" src=\"https:\/\/blog.digitalsign.pt\/wp-content\/uploads\/2021\/03\/6-1-150x150.png\" class=\"attachment-thumbnail size-thumbnail wp-post-image\" alt=\"\" loading=\"lazy\" style=\"\" srcset=\"https:\/\/blog.digitalsign.pt\/wp-content\/uploads\/2021\/03\/6-1-150x150.png 150w, https:\/\/blog.digitalsign.pt\/wp-content\/uploads\/2021\/03\/6-1-88x88.png 88w\" sizes=\"(max-width: 150px) 100vw, 150px\" \/><\/div><a href=\"https:\/\/blog.digitalsign.pt\/index.php\/2021\/03\/02\/o-que-e-um-prestador-qualificado-de-servicos-de-confianca-qtsp\/\">O que \u00e9 um Prestador Qualificado de Servi\u00e7os de Confian\u00e7a (QTSP)?<\/a><div class=\"wp-block-latest-posts__post-excerpt\">O ano de 2021 inicia-se com mudan\u00e7as significativas, atingindo todas as escalas da economia e da sociedade em geral. Uma nova era digital passa [&hellip;]<\/div><\/li>\n<li><div class=\"wp-block-latest-posts__featured-image alignleft\"><img width=\"150\" height=\"150\" src=\"https:\/\/blog.digitalsign.pt\/wp-content\/uploads\/2021\/03\/Img-Fat-Elet-blog-3-1024x576-1-150x150.jpg\" class=\"attachment-thumbnail size-thumbnail wp-post-image\" alt=\"\" loading=\"lazy\" style=\"\" srcset=\"https:\/\/blog.digitalsign.pt\/wp-content\/uploads\/2021\/03\/Img-Fat-Elet-blog-3-1024x576-1-150x150.jpg 150w, https:\/\/blog.digitalsign.pt\/wp-content\/uploads\/2021\/03\/Img-Fat-Elet-blog-3-1024x576-1-88x88.jpg 88w\" sizes=\"(max-width: 150px) 100vw, 150px\" \/><\/div><a href=\"https:\/\/blog.digitalsign.pt\/index.php\/2021\/03\/11\/e-por-falar-em-faturacao-eletronicao-que-deve-saber\/\">E por falar em Fatura\u00e7\u00e3o Eletr\u00f3nica\u2026 O que deve saber?<\/a><div class=\"wp-block-latest-posts__post-excerpt\">A nova realidade digital continua a gerar mudan\u00e7as radicais na forma de gerir neg\u00f3cios e servi\u00e7os. O impacto \u00e9 cada vez mais definitivo na [&hellip;]<\/div><\/li>\n<li><div class=\"wp-block-latest-posts__featured-image alignleft\"><img width=\"150\" height=\"150\" src=\"https:\/\/blog.digitalsign.pt\/wp-content\/uploads\/2021\/04\/RH-Digital-150x150.jpg\" class=\"attachment-thumbnail size-thumbnail wp-post-image\" alt=\"\" loading=\"lazy\" style=\"\" srcset=\"https:\/\/blog.digitalsign.pt\/wp-content\/uploads\/2021\/04\/RH-Digital-150x150.jpg 150w, https:\/\/blog.digitalsign.pt\/wp-content\/uploads\/2021\/04\/RH-Digital-88x88.jpg 88w\" sizes=\"(max-width: 150px) 100vw, 150px\" \/><\/div><a href=\"https:\/\/blog.digitalsign.pt\/index.php\/2021\/04\/07\/4-passos-para-digitalizar-o-seu-departamento-de-rh\/\">4 passos para digitalizar o seu departamento de RH<\/a><div class=\"wp-block-latest-posts__post-excerpt\">As tarefas administrativas de Recursos Humanos s\u00e3o repetitivas e demoradas, para al\u00e9m dos respetivos departamentos gerarem enormes quantidades de papel, acabam tamb\u00e9m por aumentar [&hellip;]<\/div><\/li>\n<\/ul>","protected":false},"excerpt":{"rendered":"<p>Na passada quinta-feira, dia 27 de outubro, a DigitalSign realizou um webinar acerca da tem\u00e1tica da Fatura\u00e7\u00e3o Eletr\u00f3nica, que contou com a participa\u00e7\u00e3o de mais de 400 pessoas. De um modo geral, alertou-se para a entrada em vigor de determinados requisitos legais aplic\u00e1veis \u00e0 fatura eletr\u00f3nica, discutiram-se as suas principais vantagens, terminando com a explana\u00e7\u00e3o [&hellip;]<\/p>\n","protected":false},"author":12,"featured_media":2101,"comment_status":"closed","ping_status":"closed","sticky":false,"template":"","format":"standard","meta":[],"categories":[3],"tags":[22,31],"yoast_head":"<!-- This site is optimized with the Yoast SEO plugin v18.5.1 - https:\/\/yoast.com\/wordpress\/plugins\/seo\/ -->\n<title>Fatura Eletr\u00f3nica? Tire agora as suas d\u00favidas - Blog | DigitalSign - Certificadora Digital<\/title>\n<meta name=\"robots\" content=\"index, follow, max-snippet:-1, max-image-preview:large, max-video-preview:-1\" \/>\n<link rel=\"canonical\" href=\"https:\/\/blog.digitalsign.pt\/index.php\/2022\/11\/03\/fatura-eletronica-tire-as-suas-duvidas\/\" \/>\n<meta property=\"og:locale\" content=\"pt_PT\" \/>\n<meta property=\"og:type\" content=\"article\" \/>\n<meta property=\"og:title\" content=\"Fatura Eletr\u00f3nica? Tire agora as suas d\u00favidas - Blog | DigitalSign - Certificadora Digital\" \/>\n<meta property=\"og:description\" content=\"Na passada quinta-feira, dia 27 de outubro, a DigitalSign realizou um webinar acerca da tem\u00e1tica da Fatura\u00e7\u00e3o Eletr\u00f3nica, que contou com a participa\u00e7\u00e3o de mais de 400 pessoas. De um modo geral, alertou-se para a entrada em vigor de determinados requisitos legais aplic\u00e1veis \u00e0 fatura eletr\u00f3nica, discutiram-se as suas principais vantagens, terminando com a explana\u00e7\u00e3o [&hellip;]\" \/>\n<meta property=\"og:url\" content=\"https:\/\/blog.digitalsign.pt\/index.php\/2022\/11\/03\/fatura-eletronica-tire-as-suas-duvidas\/\" \/>\n<meta property=\"og:site_name\" content=\"Blog | DigitalSign - Certificadora Digital\" \/>\n<meta property=\"article:published_time\" content=\"2022-11-03T15:16:06+00:00\" \/>\n<meta property=\"article:modified_time\" content=\"2022-11-08T17:04:42+00:00\" \/>\n<meta property=\"og:image\" content=\"https:\/\/blog.digitalsign.pt\/wp-content\/uploads\/2022\/11\/WhatsApp-Image-2022-11-02-at-17.35.59.jpeg\" \/>\n\t<meta property=\"og:image:width\" content=\"1600\" \/>\n\t<meta property=\"og:image:height\" content=\"800\" \/>\n\t<meta property=\"og:image:type\" content=\"image\/jpeg\" \/>\n<meta name=\"twitter:card\" content=\"summary_large_image\" \/>\n<meta name=\"twitter:label1\" content=\"Escrito por\" \/>\n\t<meta name=\"twitter:data1\" content=\"DigitalSign\" \/>\n\t<meta name=\"twitter:label2\" content=\"Tempo estimado de leitura\" \/>\n\t<meta name=\"twitter:data2\" content=\"8 minutos\" \/>\n<script type=\"application\/ld+json\" class=\"yoast-schema-graph\">{\"@context\":\"https:\/\/schema.org\",\"@graph\":[{\"@type\":\"WebSite\",\"@id\":\"https:\/\/blog.digitalsign.pt\/#website\",\"url\":\"https:\/\/blog.digitalsign.pt\/\",\"name\":\"Blog | DigitalSign - Certificadora Digital\",\"description\":\"\",\"potentialAction\":[{\"@type\":\"SearchAction\",\"target\":{\"@type\":\"EntryPoint\",\"urlTemplate\":\"https:\/\/blog.digitalsign.pt\/?s={search_term_string}\"},\"query-input\":\"required name=search_term_string\"}],\"inLanguage\":\"pt-PT\"},{\"@type\":\"ImageObject\",\"@id\":\"https:\/\/blog.digitalsign.pt\/index.php\/2022\/11\/03\/fatura-eletronica-tire-as-suas-duvidas\/#primaryimage\",\"inLanguage\":\"pt-PT\",\"url\":\"https:\/\/blog.digitalsign.pt\/wp-content\/uploads\/2022\/11\/WhatsApp-Image-2022-11-02-at-17.35.59.jpeg\",\"contentUrl\":\"https:\/\/blog.digitalsign.pt\/wp-content\/uploads\/2022\/11\/WhatsApp-Image-2022-11-02-at-17.35.59.jpeg\",\"width\":1600,\"height\":800},{\"@type\":\"WebPage\",\"@id\":\"https:\/\/blog.digitalsign.pt\/index.php\/2022\/11\/03\/fatura-eletronica-tire-as-suas-duvidas\/#webpage\",\"url\":\"https:\/\/blog.digitalsign.pt\/index.php\/2022\/11\/03\/fatura-eletronica-tire-as-suas-duvidas\/\",\"name\":\"Fatura Eletr\u00f3nica? Tire agora as suas d\u00favidas - Blog | DigitalSign - Certificadora Digital\",\"isPartOf\":{\"@id\":\"https:\/\/blog.digitalsign.pt\/#website\"},\"primaryImageOfPage\":{\"@id\":\"https:\/\/blog.digitalsign.pt\/index.php\/2022\/11\/03\/fatura-eletronica-tire-as-suas-duvidas\/#primaryimage\"},\"datePublished\":\"2022-11-03T15:16:06+00:00\",\"dateModified\":\"2022-11-08T17:04:42+00:00\",\"author\":{\"@id\":\"https:\/\/blog.digitalsign.pt\/#\/schema\/person\/60172205cc5828f45d4501be9577ea94\"},\"breadcrumb\":{\"@id\":\"https:\/\/blog.digitalsign.pt\/index.php\/2022\/11\/03\/fatura-eletronica-tire-as-suas-duvidas\/#breadcrumb\"},\"inLanguage\":\"pt-PT\",\"potentialAction\":[{\"@type\":\"ReadAction\",\"target\":[\"https:\/\/blog.digitalsign.pt\/index.php\/2022\/11\/03\/fatura-eletronica-tire-as-suas-duvidas\/\"]}]},{\"@type\":\"BreadcrumbList\",\"@id\":\"https:\/\/blog.digitalsign.pt\/index.php\/2022\/11\/03\/fatura-eletronica-tire-as-suas-duvidas\/#breadcrumb\",\"itemListElement\":[{\"@type\":\"ListItem\",\"position\":1,\"name\":\"In\u00edcio\",\"item\":\"https:\/\/blog.digitalsign.pt\/\"},{\"@type\":\"ListItem\",\"position\":2,\"name\":\"Fatura Eletr\u00f3nica? Tire agora as suas d\u00favidas\"}]},{\"@type\":\"Person\",\"@id\":\"https:\/\/blog.digitalsign.pt\/#\/schema\/person\/60172205cc5828f45d4501be9577ea94\",\"name\":\"DigitalSign\",\"image\":{\"@type\":\"ImageObject\",\"@id\":\"https:\/\/blog.digitalsign.pt\/#personlogo\",\"inLanguage\":\"pt-PT\",\"url\":\"https:\/\/secure.gravatar.com\/avatar\/a060715e6ff91f708de03cadbcdb906a?s=96&d=mm&r=g\",\"contentUrl\":\"https:\/\/secure.gravatar.com\/avatar\/a060715e6ff91f708de03cadbcdb906a?s=96&d=mm&r=g\",\"caption\":\"DigitalSign\"},\"url\":\"https:\/\/blog.digitalsign.pt\/index.php\/author\/nuno-3qinas\/\"}]}<\/script>\n<!-- \/ Yoast SEO plugin. -->","yoast_head_json":{"title":"Fatura Eletr\u00f3nica? Tire agora as suas d\u00favidas - Blog | DigitalSign - Certificadora Digital","robots":{"index":"index","follow":"follow","max-snippet":"max-snippet:-1","max-image-preview":"max-image-preview:large","max-video-preview":"max-video-preview:-1"},"canonical":"https:\/\/blog.digitalsign.pt\/index.php\/2022\/11\/03\/fatura-eletronica-tire-as-suas-duvidas\/","og_locale":"pt_PT","og_type":"article","og_title":"Fatura Eletr\u00f3nica? Tire agora as suas d\u00favidas - Blog | DigitalSign - Certificadora Digital","og_description":"Na passada quinta-feira, dia 27 de outubro, a DigitalSign realizou um webinar acerca da tem\u00e1tica da Fatura\u00e7\u00e3o Eletr\u00f3nica, que contou com a participa\u00e7\u00e3o de mais de 400 pessoas. De um modo geral, alertou-se para a entrada em vigor de determinados requisitos legais aplic\u00e1veis \u00e0 fatura eletr\u00f3nica, discutiram-se as suas principais vantagens, terminando com a explana\u00e7\u00e3o [&hellip;]","og_url":"https:\/\/blog.digitalsign.pt\/index.php\/2022\/11\/03\/fatura-eletronica-tire-as-suas-duvidas\/","og_site_name":"Blog | DigitalSign - Certificadora Digital","article_published_time":"2022-11-03T15:16:06+00:00","article_modified_time":"2022-11-08T17:04:42+00:00","og_image":[{"width":1600,"height":800,"url":"https:\/\/blog.digitalsign.pt\/wp-content\/uploads\/2022\/11\/WhatsApp-Image-2022-11-02-at-17.35.59.jpeg","type":"image\/jpeg"}],"twitter_card":"summary_large_image","twitter_misc":{"Escrito por":"DigitalSign","Tempo estimado de leitura":"8 minutos"},"schema":{"@context":"https:\/\/schema.org","@graph":[{"@type":"WebSite","@id":"https:\/\/blog.digitalsign.pt\/#website","url":"https:\/\/blog.digitalsign.pt\/","name":"Blog | DigitalSign - Certificadora Digital","description":"","potentialAction":[{"@type":"SearchAction","target":{"@type":"EntryPoint","urlTemplate":"https:\/\/blog.digitalsign.pt\/?s={search_term_string}"},"query-input":"required name=search_term_string"}],"inLanguage":"pt-PT"},{"@type":"ImageObject","@id":"https:\/\/blog.digitalsign.pt\/index.php\/2022\/11\/03\/fatura-eletronica-tire-as-suas-duvidas\/#primaryimage","inLanguage":"pt-PT","url":"https:\/\/blog.digitalsign.pt\/wp-content\/uploads\/2022\/11\/WhatsApp-Image-2022-11-02-at-17.35.59.jpeg","contentUrl":"https:\/\/blog.digitalsign.pt\/wp-content\/uploads\/2022\/11\/WhatsApp-Image-2022-11-02-at-17.35.59.jpeg","width":1600,"height":800},{"@type":"WebPage","@id":"https:\/\/blog.digitalsign.pt\/index.php\/2022\/11\/03\/fatura-eletronica-tire-as-suas-duvidas\/#webpage","url":"https:\/\/blog.digitalsign.pt\/index.php\/2022\/11\/03\/fatura-eletronica-tire-as-suas-duvidas\/","name":"Fatura Eletr\u00f3nica? Tire agora as suas d\u00favidas - Blog | DigitalSign - Certificadora Digital","isPartOf":{"@id":"https:\/\/blog.digitalsign.pt\/#website"},"primaryImageOfPage":{"@id":"https:\/\/blog.digitalsign.pt\/index.php\/2022\/11\/03\/fatura-eletronica-tire-as-suas-duvidas\/#primaryimage"},"datePublished":"2022-11-03T15:16:06+00:00","dateModified":"2022-11-08T17:04:42+00:00","author":{"@id":"https:\/\/blog.digitalsign.pt\/#\/schema\/person\/60172205cc5828f45d4501be9577ea94"},"breadcrumb":{"@id":"https:\/\/blog.digitalsign.pt\/index.php\/2022\/11\/03\/fatura-eletronica-tire-as-suas-duvidas\/#breadcrumb"},"inLanguage":"pt-PT","potentialAction":[{"@type":"ReadAction","target":["https:\/\/blog.digitalsign.pt\/index.php\/2022\/11\/03\/fatura-eletronica-tire-as-suas-duvidas\/"]}]},{"@type":"BreadcrumbList","@id":"https:\/\/blog.digitalsign.pt\/index.php\/2022\/11\/03\/fatura-eletronica-tire-as-suas-duvidas\/#breadcrumb","itemListElement":[{"@type":"ListItem","position":1,"name":"In\u00edcio","item":"https:\/\/blog.digitalsign.pt\/"},{"@type":"ListItem","position":2,"name":"Fatura Eletr\u00f3nica? Tire agora as suas d\u00favidas"}]},{"@type":"Person","@id":"https:\/\/blog.digitalsign.pt\/#\/schema\/person\/60172205cc5828f45d4501be9577ea94","name":"DigitalSign","image":{"@type":"ImageObject","@id":"https:\/\/blog.digitalsign.pt\/#personlogo","inLanguage":"pt-PT","url":"https:\/\/secure.gravatar.com\/avatar\/a060715e6ff91f708de03cadbcdb906a?s=96&d=mm&r=g","contentUrl":"https:\/\/secure.gravatar.com\/avatar\/a060715e6ff91f708de03cadbcdb906a?s=96&d=mm&r=g","caption":"DigitalSign"},"url":"https:\/\/blog.digitalsign.pt\/index.php\/author\/nuno-3qinas\/"}]}},"post_mailing_queue_ids":[],"_links":{"self":[{"href":"https:\/\/blog.digitalsign.pt\/index.php\/wp-json\/wp\/v2\/posts\/2098"}],"collection":[{"href":"https:\/\/blog.digitalsign.pt\/index.php\/wp-json\/wp\/v2\/posts"}],"about":[{"href":"https:\/\/blog.digitalsign.pt\/index.php\/wp-json\/wp\/v2\/types\/post"}],"author":[{"embeddable":true,"href":"https:\/\/blog.digitalsign.pt\/index.php\/wp-json\/wp\/v2\/users\/12"}],"replies":[{"embeddable":true,"href":"https:\/\/blog.digitalsign.pt\/index.php\/wp-json\/wp\/v2\/comments?post=2098"}],"version-history":[{"count":16,"href":"https:\/\/blog.digitalsign.pt\/index.php\/wp-json\/wp\/v2\/posts\/2098\/revisions"}],"predecessor-version":[{"id":2164,"href":"https:\/\/blog.digitalsign.pt\/index.php\/wp-json\/wp\/v2\/posts\/2098\/revisions\/2164"}],"wp:featuredmedia":[{"embeddable":true,"href":"https:\/\/blog.digitalsign.pt\/index.php\/wp-json\/wp\/v2\/media\/2101"}],"wp:attachment":[{"href":"https:\/\/blog.digitalsign.pt\/index.php\/wp-json\/wp\/v2\/media?parent=2098"}],"wp:term":[{"taxonomy":"category","embeddable":true,"href":"https:\/\/blog.digitalsign.pt\/index.php\/wp-json\/wp\/v2\/categories?post=2098"},{"taxonomy":"post_tag","embeddable":true,"href":"https:\/\/blog.digitalsign.pt\/index.php\/wp-json\/wp\/v2\/tags?post=2098"}],"curies":[{"name":"wp","href":"https:\/\/api.w.org\/{rel}","templated":true}]}}