{"id":1927,"date":"2022-07-13T10:14:17","date_gmt":"2022-07-13T10:14:17","guid":{"rendered":"https:\/\/blog.digitalsign.pt\/?p=1927"},"modified":"2022-07-14T17:00:04","modified_gmt":"2022-07-14T17:00:04","slug":"faturacao-eletronica-e-certificados-digitais-novo-prazo","status":"publish","type":"post","link":"https:\/\/blog.digitalsign.pt\/index.php\/2022\/07\/13\/faturacao-eletronica-e-certificados-digitais-novo-prazo\/","title":{"rendered":"Fatura\u00e7\u00e3o eletr\u00f3nica e certificados digitais: novo prazo?"},"content":{"rendered":"\n<p>O tema \u201cfatura\u00e7\u00e3o eletr\u00f3nica\u201d volta a fazer parte da ordem do dia, com a recente publica\u00e7\u00e3o de um novo Despacho do Secret\u00e1rio de Estado Adjunto e dos Assuntos Fiscais (SEAAF) &#8211;&nbsp;<a class=\"\">Despacho n\u00ba 49\/2022-XXIII-SEAAF.<\/a><\/p>\n\n\n\n<p>Como bem se sabe, o Decreto-Lei n.\u00ba 28\/2019, de 15 de fevereiro veio, atrav\u00e9s dos seus artigos 6.\u00ba e 12.\u00ba, impor a aposi\u00e7\u00e3o de assinaturas ou selos eletr\u00f3nicos qualificados, de forma a asseverar a integridade e autenticidade das faturas eletr\u00f3nicas.<\/p>\n\n\n\n<!--more-->\n\n\n\n<figure class=\"wp-block-image size-large\"><img loading=\"lazy\" width=\"1024\" height=\"512\" src=\"https:\/\/blog.digitalsign.pt\/wp-content\/uploads\/2022\/07\/jpeg-digital-1024x512.jpg\" alt=\"\" class=\"wp-image-1972\" srcset=\"https:\/\/blog.digitalsign.pt\/wp-content\/uploads\/2022\/07\/jpeg-digital-1024x512.jpg 1024w, https:\/\/blog.digitalsign.pt\/wp-content\/uploads\/2022\/07\/jpeg-digital-300x150.jpg 300w, https:\/\/blog.digitalsign.pt\/wp-content\/uploads\/2022\/07\/jpeg-digital-768x384.jpg 768w, https:\/\/blog.digitalsign.pt\/wp-content\/uploads\/2022\/07\/jpeg-digital-1536x768.jpg 1536w, https:\/\/blog.digitalsign.pt\/wp-content\/uploads\/2022\/07\/jpeg-digital-900x450.jpg 900w, https:\/\/blog.digitalsign.pt\/wp-content\/uploads\/2022\/07\/jpeg-digital-1280x640.jpg 1280w, https:\/\/blog.digitalsign.pt\/wp-content\/uploads\/2022\/07\/jpeg-digital.jpg 1600w\" sizes=\"(max-width: 1024px) 100vw, 1024px\" \/><\/figure>\n\n\n\n<p> Em termos gerais, acreditamos que esta medida encontra fundamentado alento jur\u00eddico, dada a necessidade de proteger as empresas e consumidores de fen\u00f3menos como a falsifica\u00e7\u00e3o de documentos, usurpa\u00e7\u00f5es de identidade ou burlas inform\u00e1ticas.<\/p>\n\n\n\n<p>No entanto, repare-se que esta imposi\u00e7\u00e3o legal tem vindo a ser consecutivamente adiada por Despachos do SEAAF, com a justifica\u00e7\u00e3o de que esta \u00e9 uma medida necess\u00e1ria para mitigar os efeitos da Covid-19&nbsp;e, bem assim, de flexibilizar o calend\u00e1rio fiscal relativamente ao cumprimento volunt\u00e1rio de determinadas obriga\u00e7\u00f5es fiscais: o Despacho n.\u00ba 129\/2020-XXII adiou a sua aplica\u00e7\u00e3o para 01\/7\/2020; o Despacho 437\/2020-XXII protelou a aludida obrigatoriedade para 01\/04\/2021; seguidamente, o Despacho n.\u00ba 72\/2021-XXII reafirmou a prem\u00eancia do adiamento, apontando como data final o dia 01\/07\/2021; o Despacho n.\u00ba 260\/2021-XXII preconizou novo adiamento para dia 1\/01\/2022; o Despacho n.\u00ba 351\/2021.XXII para 01\/07\/2022 e, finalmente, o Despacho n\u00ba 49\/2022-XXIII definiu sua efetiva aplica\u00e7\u00e3o para 01\/01\/2023.<br>Todos estes diplomas disp\u00f5em que \u201cdevem ser aceites faturas em PDF, as quais s\u00e3o consideradas faturas eletr\u00f3nicas para todos os efeitos previstos na legisla\u00e7\u00e3o fiscal\u201d.<\/p>\n\n\n\n<p>No fundo, o que se visa estabelecer \u00e9 que qualquer fatura, originalmente em formato em papel, quando convertida para o formato digital e, por consequ\u00eancia, em formato PDF, ser\u00e1 considerada, para todos os efeitos relevantes sob a perspetiva fiscal, uma fatura eletr\u00f3nica.<\/p>\n\n\n\n<p>Ainda que os mencionados despachos se mostrem inequ\u00edvocos no que respeita ao formato que dever\u00e1 ser aceite, o certo \u00e9 que os mesmos n\u00e3o produzem qualquer observa\u00e7\u00e3o acerca dos requisitos consagrados nos artigos 6.\u00ba e 12.\u00ba do Decreto-Lei n.\u00ba 28\/2019, de 15 de fevereiro, onde se estabelece a necessidade de o fornecedor de bens ou prestador de servi\u00e7os garantir a autenticidade e integridade de uma fatura eletr\u00f3nica. Repare-se que estes requisitos s\u00e3o aplic\u00e1veis, de forma transversal, a todas as faturas eletr\u00f3nicas independentemente do seu formato (seja PDF, JPEG, XML ou outro).<\/p>\n\n\n\n<p>Por tudo isto, consideramos que o texto emanado pelo legislador se mostra manifestamente vago, simplificado e pouco assertivo, levantando s\u00e9rias quest\u00f5es relativamente \u00e0 sua correta interpreta\u00e7\u00e3o: afinal, devemos, ou n\u00e3o, considerar adiada a obrigatoriedade de garantir a autenticidade da origem e a integridade do conte\u00fado das faturas eletr\u00f3nicas?<\/p>\n\n\n\n<p>Volvidos mais de dois anos, e 6 despachos depois, perante uma mat\u00e9ria cada vez mais relevante, n\u00e3o s\u00f3 pela flexibiliza\u00e7\u00e3o fiscal, mas tamb\u00e9m por quest\u00f5es relacionadas com a seguran\u00e7a do espa\u00e7o cibern\u00e9tico, exigia-se uma maior tipifica\u00e7\u00e3o dos requisitos associados \u00e0s faturas eletr\u00f3nicas, bem como um esclarecimento por parte do Secret\u00e1rio de Estado dos Assuntos Fiscais.<\/p>\n\n\n\n<p>Atente-se que, tal como referido em publica\u00e7\u00f5es anteriores, apenas a utiliza\u00e7\u00e3o de certificados qualificados de assinatura ou selo ser\u00e1 capaz de evitar atos criminosos como a simula\u00e7\u00e3o de autoriza\u00e7\u00e3o de respons\u00e1veis da empresa com a remiss\u00e3o de faturas falsas com indica\u00e7\u00f5es de pagamentos indevidos.<\/p>\n\n\n\n<p>Em suma, cremos que o cumprimento do disposto nos artigos mencionados \u00e9 basilar para que seja garantida a seguran\u00e7a do processo de fatura\u00e7\u00e3o eletr\u00f3nica e, consequentemente, de todos os seus intervenientes.<\/p>\n\n\n\n<p>Em boa verdade, acreditamos tamb\u00e9m que n\u00e3o se vislumbram quaisquer motivos que justifiquem um novo adiamento, nem mesmo aqueles que assentam nos efeitos da COVID-19. Afinal, decorridos mais de dois anos desde o aparecimento da doen\u00e7a, far\u00e1 sentido adiar continuadamente esta obriga\u00e7\u00e3o jur\u00eddica que tantas vantagens traz ao sistema fiscal?<\/p>\n\n\n\n<p>Saiba mais em <a href=\"https:\/\/www.digitalsign.pt\/\" target=\"_blank\" rel=\"noreferrer noopener\">www.digitalsign.pt<\/a><\/p>\n\n\n\n<h2>Leia tamb\u00e9m&#8230;<\/h2>\n\n\n<ul class=\"wp-block-latest-posts__list has-dates wp-block-latest-posts\"><li><div class=\"wp-block-latest-posts__featured-image alignleft\"><img width=\"150\" height=\"150\" src=\"https:\/\/blog.digitalsign.pt\/wp-content\/uploads\/2021\/03\/6-1-150x150.png\" class=\"attachment-thumbnail size-thumbnail wp-post-image\" alt=\"\" loading=\"lazy\" style=\"\" srcset=\"https:\/\/blog.digitalsign.pt\/wp-content\/uploads\/2021\/03\/6-1-150x150.png 150w, https:\/\/blog.digitalsign.pt\/wp-content\/uploads\/2021\/03\/6-1-88x88.png 88w\" sizes=\"(max-width: 150px) 100vw, 150px\" \/><\/div><a href=\"https:\/\/blog.digitalsign.pt\/index.php\/2021\/03\/02\/o-que-e-um-prestador-qualificado-de-servicos-de-confianca-qtsp\/\">O que \u00e9 um Prestador Qualificado de Servi\u00e7os de Confian\u00e7a (QTSP)?<\/a><time datetime=\"2021-03-02T12:15:31+00:00\" class=\"wp-block-latest-posts__post-date\">2 de Mar\u00e7o, 2021<\/time><div class=\"wp-block-latest-posts__post-excerpt\">O ano de 2021 inicia-se com mudan\u00e7as significativas, atingindo todas as escalas da economia e da sociedade em geral. Uma nova era digital passa a estabelecer-se de forma concreta e definitiva no dia-a-dia das empresas e nos relacionamentos com clientes e colaboradores. Tanto que em Portugal, a partir deste ano, passa a ser obrigat\u00f3rio o [&hellip;]<\/div><\/li>\n<li><div class=\"wp-block-latest-posts__featured-image alignleft\"><img width=\"150\" height=\"150\" src=\"https:\/\/blog.digitalsign.pt\/wp-content\/uploads\/2021\/03\/Img-Fat-Elet-blog-3-1024x576-1-150x150.jpg\" class=\"attachment-thumbnail size-thumbnail wp-post-image\" alt=\"\" loading=\"lazy\" style=\"\" srcset=\"https:\/\/blog.digitalsign.pt\/wp-content\/uploads\/2021\/03\/Img-Fat-Elet-blog-3-1024x576-1-150x150.jpg 150w, https:\/\/blog.digitalsign.pt\/wp-content\/uploads\/2021\/03\/Img-Fat-Elet-blog-3-1024x576-1-88x88.jpg 88w\" sizes=\"(max-width: 150px) 100vw, 150px\" \/><\/div><a href=\"https:\/\/blog.digitalsign.pt\/index.php\/2021\/03\/11\/e-por-falar-em-faturacao-eletronicao-que-deve-saber\/\">E por falar em Fatura\u00e7\u00e3o Eletr\u00f3nica\u2026 O que deve saber?<\/a><time datetime=\"2021-03-11T21:35:00+00:00\" class=\"wp-block-latest-posts__post-date\">11 de Mar\u00e7o, 2021<\/time><div class=\"wp-block-latest-posts__post-excerpt\">A nova realidade digital continua a gerar mudan\u00e7as radicais na forma de gerir neg\u00f3cios e servi\u00e7os. O impacto \u00e9 cada vez mais definitivo na din\u00e2mica regular das empresas, que nos aponta o caminho numa dire\u00e7\u00e3o que n\u00e3o tem volta atr\u00e1s. Tanto que, em 2021 a fatura\u00e7\u00e3o eletr\u00f3nica passou a ser obrigat\u00f3ria na contrata\u00e7\u00e3o p\u00fablica em [&hellip;]<\/div><\/li>\n<li><div class=\"wp-block-latest-posts__featured-image alignleft\"><img width=\"150\" height=\"150\" src=\"https:\/\/blog.digitalsign.pt\/wp-content\/uploads\/2021\/04\/RH-Digital-150x150.jpg\" class=\"attachment-thumbnail size-thumbnail wp-post-image\" alt=\"\" loading=\"lazy\" style=\"\" srcset=\"https:\/\/blog.digitalsign.pt\/wp-content\/uploads\/2021\/04\/RH-Digital-150x150.jpg 150w, https:\/\/blog.digitalsign.pt\/wp-content\/uploads\/2021\/04\/RH-Digital-88x88.jpg 88w\" sizes=\"(max-width: 150px) 100vw, 150px\" \/><\/div><a href=\"https:\/\/blog.digitalsign.pt\/index.php\/2021\/04\/07\/4-passos-para-digitalizar-o-seu-departamento-de-rh\/\">4 passos para digitalizar o seu departamento de RH<\/a><time datetime=\"2021-04-07T08:10:03+00:00\" class=\"wp-block-latest-posts__post-date\">7 de Abril, 2021<\/time><div class=\"wp-block-latest-posts__post-excerpt\">As tarefas administrativas de Recursos Humanos s\u00e3o repetitivas e demoradas, para al\u00e9m dos respetivos departamentos gerarem enormes quantidades de papel, acabam tamb\u00e9m por aumentar as despesas com arquivo e gest\u00e3o da informa\u00e7\u00e3o.&nbsp; A transforma\u00e7\u00e3o digital nesta \u00e1rea est\u00e1 centrada em diferentes eixos, entre os quais destacamos a implementa\u00e7\u00e3o de novas ferramentas digitais de comunica\u00e7\u00e3o e [&hellip;]<\/div><\/li>\n<li><div class=\"wp-block-latest-posts__featured-image alignleft\"><img width=\"150\" height=\"150\" src=\"https:\/\/blog.digitalsign.pt\/wp-content\/uploads\/2021\/04\/jornal_negocios_digitalsign-150x150.png\" class=\"attachment-thumbnail size-thumbnail wp-post-image\" alt=\"\" loading=\"lazy\" style=\"\" srcset=\"https:\/\/blog.digitalsign.pt\/wp-content\/uploads\/2021\/04\/jornal_negocios_digitalsign-150x150.png 150w, https:\/\/blog.digitalsign.pt\/wp-content\/uploads\/2021\/04\/jornal_negocios_digitalsign-88x88.png 88w\" sizes=\"(max-width: 150px) 100vw, 150px\" \/><\/div><a href=\"https:\/\/blog.digitalsign.pt\/index.php\/2021\/04\/18\/documentos-digitais-aumentam-a-necessidade-de-seguranca\/\">Documentos digitais aumentam a necessidade de seguran\u00e7a<\/a><time datetime=\"2021-04-18T14:41:22+00:00\" class=\"wp-block-latest-posts__post-date\">18 de Abril, 2021<\/time><div class=\"wp-block-latest-posts__post-excerpt\">O selo eletr\u00f3nico nas faturas e em todos os documentos produzidos pela empresa \u00e9 a forma adequada para garantir a autenticidade das informa\u00e7\u00f5es e prevenir a fraude dos seus clientes. &#8220;Quando em mar\u00e7o de 2020 o pa\u00eds entrou em confinamento, ningu\u00e9m sabia ao certo que passados 13 meses o teletrabalho continuaria a ser uma realidade [&hellip;]<\/div><\/li>\n<li><a href=\"https:\/\/blog.digitalsign.pt\/index.php\/2021\/04\/26\/fatura-eletronica-pdf-enviada-por-email-e-necessaria-a-sua-assinatura\/\">Fatura eletr\u00f3nica (PDF) enviada por email: \u00e9 necess\u00e1ria a sua assinatura?<\/a><time datetime=\"2021-04-26T12:19:12+00:00\" class=\"wp-block-latest-posts__post-date\">26 de Abril, 2021<\/time><div class=\"wp-block-latest-posts__post-excerpt\">UM DOCUMENTO EM PDF \u00c9 UMA FATURA ELETR\u00d3NICA? Nos dias que correm, j\u00e1 todos recebemos, na qualidade de consumidores, uma fatura em formato PDF no nosso email, seja de um servi\u00e7o de fornecimento de eletricidade, seja em resultado de uma compra realizada online. Tamb\u00e9m no \u00e2mbito da atividade empresarial \u00e9 comum o envio de faturas [&hellip;]<\/div><\/li>\n<\/ul>","protected":false},"excerpt":{"rendered":"<p>O tema \u201cfatura\u00e7\u00e3o eletr\u00f3nica\u201d volta a fazer parte da ordem do dia, com a recente publica\u00e7\u00e3o de um novo Despacho do Secret\u00e1rio de Estado Adjunto e dos Assuntos Fiscais (SEAAF) &#8211;&nbsp;Despacho n\u00ba 49\/2022-XXIII-SEAAF. Como bem se sabe, o Decreto-Lei n.\u00ba 28\/2019, de 15 de fevereiro veio, atrav\u00e9s dos seus artigos 6.\u00ba e 12.\u00ba, impor a [&hellip;]<\/p>\n","protected":false},"author":12,"featured_media":1972,"comment_status":"closed","ping_status":"closed","sticky":false,"template":"","format":"standard","meta":[],"categories":[1],"tags":[],"yoast_head":"<!-- This site is optimized with the Yoast SEO plugin v18.5.1 - https:\/\/yoast.com\/wordpress\/plugins\/seo\/ -->\n<title>Fatura\u00e7\u00e3o eletr\u00f3nica e certificados digitais: novo prazo? - Blog | DigitalSign - Certificadora Digital<\/title>\n<meta name=\"robots\" content=\"index, follow, max-snippet:-1, max-image-preview:large, max-video-preview:-1\" \/>\n<link rel=\"canonical\" href=\"https:\/\/blog.digitalsign.pt\/index.php\/2022\/07\/13\/faturacao-eletronica-e-certificados-digitais-novo-prazo\/\" \/>\n<meta property=\"og:locale\" content=\"pt_PT\" \/>\n<meta property=\"og:type\" content=\"article\" \/>\n<meta property=\"og:title\" content=\"Fatura\u00e7\u00e3o eletr\u00f3nica e certificados digitais: novo prazo? - Blog | DigitalSign - Certificadora Digital\" \/>\n<meta property=\"og:description\" content=\"O tema \u201cfatura\u00e7\u00e3o eletr\u00f3nica\u201d volta a fazer parte da ordem do dia, com a recente publica\u00e7\u00e3o de um novo Despacho do Secret\u00e1rio de Estado Adjunto e dos Assuntos Fiscais (SEAAF) &#8211;&nbsp;Despacho n\u00ba 49\/2022-XXIII-SEAAF. Como bem se sabe, o Decreto-Lei n.\u00ba 28\/2019, de 15 de fevereiro veio, atrav\u00e9s dos seus artigos 6.\u00ba e 12.\u00ba, impor a [&hellip;]\" \/>\n<meta property=\"og:url\" content=\"https:\/\/blog.digitalsign.pt\/index.php\/2022\/07\/13\/faturacao-eletronica-e-certificados-digitais-novo-prazo\/\" \/>\n<meta property=\"og:site_name\" content=\"Blog | DigitalSign - Certificadora Digital\" \/>\n<meta property=\"article:published_time\" content=\"2022-07-13T10:14:17+00:00\" \/>\n<meta property=\"article:modified_time\" content=\"2022-07-14T17:00:04+00:00\" \/>\n<meta property=\"og:image\" content=\"https:\/\/blog.digitalsign.pt\/wp-content\/uploads\/2022\/07\/jpeg-digital.jpg\" \/>\n\t<meta property=\"og:image:width\" content=\"1600\" \/>\n\t<meta property=\"og:image:height\" content=\"800\" \/>\n\t<meta property=\"og:image:type\" content=\"image\/jpeg\" \/>\n<meta name=\"twitter:card\" content=\"summary_large_image\" \/>\n<meta name=\"twitter:label1\" content=\"Escrito por\" \/>\n\t<meta name=\"twitter:data1\" content=\"DigitalSign\" \/>\n\t<meta name=\"twitter:label2\" content=\"Tempo estimado de leitura\" \/>\n\t<meta name=\"twitter:data2\" content=\"4 minutos\" \/>\n<script type=\"application\/ld+json\" class=\"yoast-schema-graph\">{\"@context\":\"https:\/\/schema.org\",\"@graph\":[{\"@type\":\"WebSite\",\"@id\":\"https:\/\/blog.digitalsign.pt\/#website\",\"url\":\"https:\/\/blog.digitalsign.pt\/\",\"name\":\"Blog | DigitalSign - Certificadora Digital\",\"description\":\"\",\"potentialAction\":[{\"@type\":\"SearchAction\",\"target\":{\"@type\":\"EntryPoint\",\"urlTemplate\":\"https:\/\/blog.digitalsign.pt\/?s={search_term_string}\"},\"query-input\":\"required name=search_term_string\"}],\"inLanguage\":\"pt-PT\"},{\"@type\":\"ImageObject\",\"@id\":\"https:\/\/blog.digitalsign.pt\/index.php\/2022\/07\/13\/faturacao-eletronica-e-certificados-digitais-novo-prazo\/#primaryimage\",\"inLanguage\":\"pt-PT\",\"url\":\"https:\/\/blog.digitalsign.pt\/wp-content\/uploads\/2022\/07\/jpeg-digital.jpg\",\"contentUrl\":\"https:\/\/blog.digitalsign.pt\/wp-content\/uploads\/2022\/07\/jpeg-digital.jpg\",\"width\":1600,\"height\":800},{\"@type\":\"WebPage\",\"@id\":\"https:\/\/blog.digitalsign.pt\/index.php\/2022\/07\/13\/faturacao-eletronica-e-certificados-digitais-novo-prazo\/#webpage\",\"url\":\"https:\/\/blog.digitalsign.pt\/index.php\/2022\/07\/13\/faturacao-eletronica-e-certificados-digitais-novo-prazo\/\",\"name\":\"Fatura\u00e7\u00e3o eletr\u00f3nica e certificados digitais: novo prazo? - Blog | DigitalSign - Certificadora Digital\",\"isPartOf\":{\"@id\":\"https:\/\/blog.digitalsign.pt\/#website\"},\"primaryImageOfPage\":{\"@id\":\"https:\/\/blog.digitalsign.pt\/index.php\/2022\/07\/13\/faturacao-eletronica-e-certificados-digitais-novo-prazo\/#primaryimage\"},\"datePublished\":\"2022-07-13T10:14:17+00:00\",\"dateModified\":\"2022-07-14T17:00:04+00:00\",\"author\":{\"@id\":\"https:\/\/blog.digitalsign.pt\/#\/schema\/person\/60172205cc5828f45d4501be9577ea94\"},\"breadcrumb\":{\"@id\":\"https:\/\/blog.digitalsign.pt\/index.php\/2022\/07\/13\/faturacao-eletronica-e-certificados-digitais-novo-prazo\/#breadcrumb\"},\"inLanguage\":\"pt-PT\",\"potentialAction\":[{\"@type\":\"ReadAction\",\"target\":[\"https:\/\/blog.digitalsign.pt\/index.php\/2022\/07\/13\/faturacao-eletronica-e-certificados-digitais-novo-prazo\/\"]}]},{\"@type\":\"BreadcrumbList\",\"@id\":\"https:\/\/blog.digitalsign.pt\/index.php\/2022\/07\/13\/faturacao-eletronica-e-certificados-digitais-novo-prazo\/#breadcrumb\",\"itemListElement\":[{\"@type\":\"ListItem\",\"position\":1,\"name\":\"In\u00edcio\",\"item\":\"https:\/\/blog.digitalsign.pt\/\"},{\"@type\":\"ListItem\",\"position\":2,\"name\":\"Fatura\u00e7\u00e3o eletr\u00f3nica e certificados digitais: novo prazo?\"}]},{\"@type\":\"Person\",\"@id\":\"https:\/\/blog.digitalsign.pt\/#\/schema\/person\/60172205cc5828f45d4501be9577ea94\",\"name\":\"DigitalSign\",\"image\":{\"@type\":\"ImageObject\",\"@id\":\"https:\/\/blog.digitalsign.pt\/#personlogo\",\"inLanguage\":\"pt-PT\",\"url\":\"https:\/\/secure.gravatar.com\/avatar\/a060715e6ff91f708de03cadbcdb906a?s=96&d=mm&r=g\",\"contentUrl\":\"https:\/\/secure.gravatar.com\/avatar\/a060715e6ff91f708de03cadbcdb906a?s=96&d=mm&r=g\",\"caption\":\"DigitalSign\"},\"url\":\"https:\/\/blog.digitalsign.pt\/index.php\/author\/nuno-3qinas\/\"}]}<\/script>\n<!-- \/ Yoast SEO plugin. -->","yoast_head_json":{"title":"Fatura\u00e7\u00e3o eletr\u00f3nica e certificados digitais: novo prazo? - Blog | DigitalSign - Certificadora Digital","robots":{"index":"index","follow":"follow","max-snippet":"max-snippet:-1","max-image-preview":"max-image-preview:large","max-video-preview":"max-video-preview:-1"},"canonical":"https:\/\/blog.digitalsign.pt\/index.php\/2022\/07\/13\/faturacao-eletronica-e-certificados-digitais-novo-prazo\/","og_locale":"pt_PT","og_type":"article","og_title":"Fatura\u00e7\u00e3o eletr\u00f3nica e certificados digitais: novo prazo? - Blog | DigitalSign - Certificadora Digital","og_description":"O tema \u201cfatura\u00e7\u00e3o eletr\u00f3nica\u201d volta a fazer parte da ordem do dia, com a recente publica\u00e7\u00e3o de um novo Despacho do Secret\u00e1rio de Estado Adjunto e dos Assuntos Fiscais (SEAAF) &#8211;&nbsp;Despacho n\u00ba 49\/2022-XXIII-SEAAF. Como bem se sabe, o Decreto-Lei n.\u00ba 28\/2019, de 15 de fevereiro veio, atrav\u00e9s dos seus artigos 6.\u00ba e 12.\u00ba, impor a [&hellip;]","og_url":"https:\/\/blog.digitalsign.pt\/index.php\/2022\/07\/13\/faturacao-eletronica-e-certificados-digitais-novo-prazo\/","og_site_name":"Blog | DigitalSign - Certificadora Digital","article_published_time":"2022-07-13T10:14:17+00:00","article_modified_time":"2022-07-14T17:00:04+00:00","og_image":[{"width":1600,"height":800,"url":"https:\/\/blog.digitalsign.pt\/wp-content\/uploads\/2022\/07\/jpeg-digital.jpg","type":"image\/jpeg"}],"twitter_card":"summary_large_image","twitter_misc":{"Escrito por":"DigitalSign","Tempo estimado de leitura":"4 minutos"},"schema":{"@context":"https:\/\/schema.org","@graph":[{"@type":"WebSite","@id":"https:\/\/blog.digitalsign.pt\/#website","url":"https:\/\/blog.digitalsign.pt\/","name":"Blog | DigitalSign - Certificadora Digital","description":"","potentialAction":[{"@type":"SearchAction","target":{"@type":"EntryPoint","urlTemplate":"https:\/\/blog.digitalsign.pt\/?s={search_term_string}"},"query-input":"required name=search_term_string"}],"inLanguage":"pt-PT"},{"@type":"ImageObject","@id":"https:\/\/blog.digitalsign.pt\/index.php\/2022\/07\/13\/faturacao-eletronica-e-certificados-digitais-novo-prazo\/#primaryimage","inLanguage":"pt-PT","url":"https:\/\/blog.digitalsign.pt\/wp-content\/uploads\/2022\/07\/jpeg-digital.jpg","contentUrl":"https:\/\/blog.digitalsign.pt\/wp-content\/uploads\/2022\/07\/jpeg-digital.jpg","width":1600,"height":800},{"@type":"WebPage","@id":"https:\/\/blog.digitalsign.pt\/index.php\/2022\/07\/13\/faturacao-eletronica-e-certificados-digitais-novo-prazo\/#webpage","url":"https:\/\/blog.digitalsign.pt\/index.php\/2022\/07\/13\/faturacao-eletronica-e-certificados-digitais-novo-prazo\/","name":"Fatura\u00e7\u00e3o eletr\u00f3nica e certificados digitais: novo prazo? - Blog | DigitalSign - Certificadora Digital","isPartOf":{"@id":"https:\/\/blog.digitalsign.pt\/#website"},"primaryImageOfPage":{"@id":"https:\/\/blog.digitalsign.pt\/index.php\/2022\/07\/13\/faturacao-eletronica-e-certificados-digitais-novo-prazo\/#primaryimage"},"datePublished":"2022-07-13T10:14:17+00:00","dateModified":"2022-07-14T17:00:04+00:00","author":{"@id":"https:\/\/blog.digitalsign.pt\/#\/schema\/person\/60172205cc5828f45d4501be9577ea94"},"breadcrumb":{"@id":"https:\/\/blog.digitalsign.pt\/index.php\/2022\/07\/13\/faturacao-eletronica-e-certificados-digitais-novo-prazo\/#breadcrumb"},"inLanguage":"pt-PT","potentialAction":[{"@type":"ReadAction","target":["https:\/\/blog.digitalsign.pt\/index.php\/2022\/07\/13\/faturacao-eletronica-e-certificados-digitais-novo-prazo\/"]}]},{"@type":"BreadcrumbList","@id":"https:\/\/blog.digitalsign.pt\/index.php\/2022\/07\/13\/faturacao-eletronica-e-certificados-digitais-novo-prazo\/#breadcrumb","itemListElement":[{"@type":"ListItem","position":1,"name":"In\u00edcio","item":"https:\/\/blog.digitalsign.pt\/"},{"@type":"ListItem","position":2,"name":"Fatura\u00e7\u00e3o eletr\u00f3nica e certificados digitais: novo prazo?"}]},{"@type":"Person","@id":"https:\/\/blog.digitalsign.pt\/#\/schema\/person\/60172205cc5828f45d4501be9577ea94","name":"DigitalSign","image":{"@type":"ImageObject","@id":"https:\/\/blog.digitalsign.pt\/#personlogo","inLanguage":"pt-PT","url":"https:\/\/secure.gravatar.com\/avatar\/a060715e6ff91f708de03cadbcdb906a?s=96&d=mm&r=g","contentUrl":"https:\/\/secure.gravatar.com\/avatar\/a060715e6ff91f708de03cadbcdb906a?s=96&d=mm&r=g","caption":"DigitalSign"},"url":"https:\/\/blog.digitalsign.pt\/index.php\/author\/nuno-3qinas\/"}]}},"post_mailing_queue_ids":[],"_links":{"self":[{"href":"https:\/\/blog.digitalsign.pt\/index.php\/wp-json\/wp\/v2\/posts\/1927"}],"collection":[{"href":"https:\/\/blog.digitalsign.pt\/index.php\/wp-json\/wp\/v2\/posts"}],"about":[{"href":"https:\/\/blog.digitalsign.pt\/index.php\/wp-json\/wp\/v2\/types\/post"}],"author":[{"embeddable":true,"href":"https:\/\/blog.digitalsign.pt\/index.php\/wp-json\/wp\/v2\/users\/12"}],"replies":[{"embeddable":true,"href":"https:\/\/blog.digitalsign.pt\/index.php\/wp-json\/wp\/v2\/comments?post=1927"}],"version-history":[{"count":15,"href":"https:\/\/blog.digitalsign.pt\/index.php\/wp-json\/wp\/v2\/posts\/1927\/revisions"}],"predecessor-version":[{"id":1999,"href":"https:\/\/blog.digitalsign.pt\/index.php\/wp-json\/wp\/v2\/posts\/1927\/revisions\/1999"}],"wp:featuredmedia":[{"embeddable":true,"href":"https:\/\/blog.digitalsign.pt\/index.php\/wp-json\/wp\/v2\/media\/1972"}],"wp:attachment":[{"href":"https:\/\/blog.digitalsign.pt\/index.php\/wp-json\/wp\/v2\/media?parent=1927"}],"wp:term":[{"taxonomy":"category","embeddable":true,"href":"https:\/\/blog.digitalsign.pt\/index.php\/wp-json\/wp\/v2\/categories?post=1927"},{"taxonomy":"post_tag","embeddable":true,"href":"https:\/\/blog.digitalsign.pt\/index.php\/wp-json\/wp\/v2\/tags?post=1927"}],"curies":[{"name":"wp","href":"https:\/\/api.w.org\/{rel}","templated":true}]}}